{"id":33223,"date":"2017-03-30T21:51:06","date_gmt":"2017-03-30T20:51:06","guid":{"rendered":"https:\/?p=33223\/"},"modified":"2020-10-31T15:25:05","modified_gmt":"2020-10-31T14:25:05","slug":"appartements-vadella-pueblo-des-opinions-et-des-reserves","status":"publish","type":"post","link":"https:\/\/soloibiza.com\/fr\/appartements-vadella-pueblo-des-opinions-et-des-reserves\/","title":{"rendered":"Apartamentos Pueblo de Vadella \u00e0 Cala Vadella (Ibiza), opinions et r\u00e9servation"},"content":{"rendered":"\n<div id=\"hotel\">\n<p>Vadella Pueblo est situ\u00e9 dans le quartier de <strong>Cala Vadella<\/strong>, \u00e0 17,14 kilom\u00e8tres de l\u2019a\u00e9roport de l\u2019\u00eele terminal. Pour passer \u00e0 l\u2019h\u00e9bergement, nous vous sugg\u00e9rons de que vous louer votre voiture \u00e0 l\u2019a\u00e9roport d\u2019Ibiza avec Soloibiza.com.<\/p>\n<h2 class=\"claro\" >Informations d\u2019appartements Vadella Pueblo<\/h2>\n<div itemscope=\"\" itemtype=\"https:\/\/schema.org\/Hotel\"><strong><span itemprop=\"name\" >Pueblo Vadella<\/span><\/strong><\/p>\n<p itemprop=\"description\">\n<p> Entr\u00e9e\u00a0: <meta itemprop=\"checkinTime\" content=\"14:00\">14:00 <\/p>\n<p> Sortie\u00a0: <meta itemprop=\"checkoutTime\" content=\"10:00\">10:00<\/p>\n<p> Situ\u00e9 \u00e0 <span itemprop=\"address\" itemscope=\"\" itemtype=\"https:\/\/data-vocabulary.org\/Address\"> <span itemprop=\"street-address\">Calvi\u00e0, 25<\/span>, <span itemprop=\"locality\">Cala Vadella<\/span>, <span itemprop=\"postal-code\">07830<\/span> <span itemprop=\"country\">Espagne<\/span> <span itemprop=\"region\">\u00eeles Bal\u00e9ares<\/span>  <\/p>\n<div itemprop=\"geo\" itemscope=\"\" itemtype=\"https:\/\/schema.org\/GeoCoordinates\"><meta itemprop=\"latitude\" content=\"38.910692624197\"><meta itemprop=\"longitude\" content=\"1.2242364981475\"><\/p>\n<p class=\"preenlace\">Trouver les meilleurs prix \u00e0 Vadella Pueblo <a href=\"https:\/blogs\/vadella-pueblo\/\" target=\"_top\" class=\"\" rel=\"noopener noreferrer\"><span class=\"fondofecha\"><\/span><\/a><\/p>\n<form method=\"get\" action=\"https:\/blogs\/opiniones\/vadella-pueblo\/\" target=\"_top\"><input value=\"Buscar habitaci\u00f3n\" type=\"submit\"><input name=\"from\" value=\"\" type=\"hidden\"><input name=\"to\" value=\"fr\" type=\"hidden\"><input name=\"a\" value=\"https:\/blogs\/opiniones\/vadella-pueblo\" type=\"hidden\"><input name=\"f\" value=\"1\" type=\"hidden\"><\/form>\n<p><a itemprop=\"hasMap\" href=\"https:\/\/www.google.com\/maps?ie=UTF8%26hq%26ll=38.910692624197%2C1.2242364981475%26z=18\" target=\"_top\" rel=\"noopener noreferrer\"> Voir sur la carte.<\/a><\/p>\n<p><img decoding=\"async\" src=\"https:\/\/raw.githubusercontent.com\/soloibiza\/solo-ibiza\/master\/vadella-pueblo\/apartamentos-vadella-pueblo-reverva.jpg\" alt=\"Apartamentos Vadella Pueblo reverva\" title=\"\"><\/p>\n<h2 class=\"claro\" >Services communs dans les appartements Vadella Pueblo<\/h2>\n<p>Voici une liste des services dans les appartements Vadella personnes tri\u00e9s par type. Vous pouvez choisir votre chambre pour lancer son enqu\u00eate.<\/p>\n<h3 >G\u00e9n\u00e9rales<\/h3>\n<ul>\n<li itemprop=\"amenityFeature\" itemscope=\"\" itemtype=\"https:\/\/schema.org\/LocationFeatureSpecification\"><span itemprop=\"name\" >Il dispose d\u2019un parking<\/span> <meta itemprop=\"value\" content=\"True\"><\/li>\n<li itemprop=\"amenityFeature\" itemscope=\"\" itemtype=\"https:\/\/schema.org\/LocationFeatureSpecification\"><span itemprop=\"name\" >Avec un parking gratuit<\/span> <meta itemprop=\"value\" content=\"True\"><\/li>\n<li itemprop=\"amenityFeature\" itemscope=\"\" itemtype=\"https:\/\/schema.org\/LocationFeatureSpecification\"><span itemprop=\"name\" >Il dispose d\u2019un parking priv\u00e9<\/span> <meta itemprop=\"value\" content=\"True\"><\/li>\n<\/ul>\n<h3 >Services<\/h3>\n<ul>\n<li itemprop=\"amenityFeature\" itemscope=\"\" itemtype=\"https:\/\/schema.org\/LocationFeatureSpecification\"><span itemprop=\"name\" >Avec acc\u00e8s Internet<\/span> <meta itemprop=\"value\" content=\"True\"><\/li>\n<li itemprop=\"amenityFeature\" itemscope=\"\" itemtype=\"https:\/\/schema.org\/LocationFeatureSpecification\"><span itemprop=\"name\" >Service WiFi disponible<\/span> <meta itemprop=\"value\" content=\"True\"><\/li>\n<li itemprop=\"amenityFeature\" itemscope=\"\" itemtype=\"https:\/\/schema.org\/LocationFeatureSpecification\"><span itemprop=\"name\" >Il a une connexion Wi-Fi gratuite<\/span> <meta itemprop=\"value\" content=\"True\"><\/li>\n<\/ul>\n<h3 >Piscine et wellness<\/h3>\n<ul>\n<li itemprop=\"amenityFeature\" itemscope=\"\" itemtype=\"https:\/\/schema.org\/LocationFeatureSpecification\"><span itemprop=\"name\" >En saison vous propose une piscine ext\u00e9rieure<\/span> <meta itemprop=\"value\" content=\"True\"><\/li>\n<li itemprop=\"amenityFeature\" itemscope=\"\" itemtype=\"https:\/\/schema.org\/LocationFeatureSpecification\"><span itemprop=\"name\" >Disponibilit\u00e9 de piscine ou de serviettes de plage<\/span> <meta itemprop=\"value\" content=\"True\"><\/li>\n<li itemprop=\"amenityFeature\" itemscope=\"\" itemtype=\"https:\/\/schema.org\/LocationFeatureSpecification\"><span itemprop=\"name\" >Il y a piscine<\/span> <meta itemprop=\"value\" content=\"True\"><\/li>\n<\/ul>\n<h3 >Transport<\/h3>\n<ul>\n<li itemprop=\"amenityFeature\" itemscope=\"\" itemtype=\"https:\/\/schema.org\/LocationFeatureSpecification\"><span itemprop=\"name\" >Service de navette vers l\u2019a\u00e9roport<\/span> <meta itemprop=\"value\" content=\"True\"><\/li>\n<li itemprop=\"amenityFeature\" itemscope=\"\" itemtype=\"https:\/\/schema.org\/LocationFeatureSpecification\"><span itemprop=\"name\" >Location de voitures \u00e0 l\u2019a\u00e9roport<\/span> <meta itemprop=\"value\" content=\"True\"><\/li>\n<li itemprop=\"amenityFeature\" itemscope=\"\" itemtype=\"https:\/\/schema.org\/LocationFeatureSpecification\"><span itemprop=\"name\" >Services de relocation pour paiement<\/span> <meta itemprop=\"value\" content=\"True\"><\/li>\n<li itemprop=\"amenityFeature\" itemscope=\"\" itemtype=\"https:\/\/schema.org\/LocationFeatureSpecification\"><span itemprop=\"name\" >Transfert \u00e0 l\u2019a\u00e9roport de services de paiement<\/span> <meta itemprop=\"value\" content=\"True\"><\/li>\n<li itemprop=\"amenityFeature\" itemscope=\"\" itemtype=\"https:\/\/schema.org\/LocationFeatureSpecification\"><span itemprop=\"name\" >Il a un service de navette<\/span> <meta itemprop=\"value\" content=\"True\"><\/li>\n<\/ul>\n<h3 >Espaces communs<\/h3>\n<ul>\n<li itemprop=\"amenityFeature\" itemscope=\"\" itemtype=\"https:\/\/schema.org\/LocationFeatureSpecification\"><span itemprop=\"name\" >Elle dispose de jardin<\/span> <meta itemprop=\"value\" content=\"True\"><\/li>\n<li itemprop=\"amenityFeature\" itemscope=\"\" itemtype=\"https:\/\/schema.org\/LocationFeatureSpecification\"><span itemprop=\"name\" >Il y a terrasse<\/span> <meta itemprop=\"value\" content=\"True\"><\/li>\n<li itemprop=\"amenityFeature\" itemscope=\"\" itemtype=\"https:\/\/schema.org\/LocationFeatureSpecification\"><span itemprop=\"name\" >Terrasse disponible ou solarium sur place<\/span> <meta itemprop=\"value\" content=\"True\"><\/li>\n<li itemprop=\"amenityFeature\" itemscope=\"\" itemtype=\"https:\/\/schema.org\/LocationFeatureSpecification\"><span itemprop=\"name\" >Espace TV partag\u00e9<\/span> <meta itemprop=\"value\" content=\"True\"><\/li>\n<\/ul>\n<h3 >Services de nettoyage<\/h3>\n<ul>\n<li itemprop=\"amenityFeature\" itemscope=\"\" itemtype=\"https:\/\/schema.org\/LocationFeatureSpecification\"><span itemprop=\"name\" >Service de blanchisserie est disponible<\/span> <meta itemprop=\"value\" content=\"True\"><\/li>\n<\/ul>\n<h3 >Plusieurs<\/h3>\n<ul>\n<li itemprop=\"amenityFeature\" itemscope=\"\" itemtype=\"https:\/\/schema.org\/LocationFeatureSpecification\"><span itemprop=\"name\" >Il existe des chambres familiales<\/span> <meta itemprop=\"value\" content=\"True\"><\/li>\n<li itemprop=\"amenityFeature\" itemscope=\"\" itemtype=\"https:\/\/schema.org\/LocationFeatureSpecification\"><span itemprop=\"name\" >Espace pour fumeurs<\/span> <meta itemprop=\"value\" content=\"True\"><\/li>\n<\/ul>\n<p><img decoding=\"async\" alt=\"Apartamentos Vadella Pueblo opiniones\" src=\"https:\/\/raw.githubusercontent.com\/soloibiza\/solo-ibiza\/master\/vadella-pueblo\/apartamentos-vadella-pueblo-opiniones.jpg\" title=\"\"><\/p>\n<h2 class=\"claro\" >Chambres disponibles \u00e0 Vadella Pueblo<\/h2>\n<p >Ici vous pouvez voir quelques-unes des chambres disponibles \u00e0 Vadella Pueblo avec une liste des diff\u00e9rents services. <\/p>\n<h3 itemprop=\"numberOfRooms\" itemscope=\"\" itemtype=\"https:\/\/schema.org\/QuantitativeValue\"><span itemprop=\"unitText\">Appartement<\/span> <span itemprop=\"priceCurrency\">0<\/span> 0. Maximum 2 personne (s)<\/h3>\n<ul>\n<li > Salle de bain avec douche <\/li>\n<li > Safebox <\/li>\n<li > T\u00e9l\u00e9vision disponible <\/li>\n<li > Climatisation \u00e0 r\u00e9glage \/ climatisation <\/li>\n<li > \u00c9quip\u00e9e avec s\u00e8che-cheveux <\/li>\n<li > Il a le fer <\/li>\n<li > Il y a l\u2019espace cuisine <\/li>\n<li > \u00c9quip\u00e9es d\u2019un r\u00e9frig\u00e9rateur <\/li>\n<li > Ventilateur inclus <\/li>\n<li > \u00c9quip\u00e9e avec four \u00e0 micro-ondes <\/li>\n<li > Il a patio <\/li>\n<li > Salle de bains activ\u00e9 <\/li>\n<li > \u00c9quip\u00e9es de chauffage <\/li>\n<li > \u00c9quip\u00e9 de cuisine <\/li>\n<li > Vous poss\u00e8dent une baignoire ou douche <\/li>\n<li > Il sont communicantes disponibles <\/li>\n<li > TV \u00e9cran plat <\/li>\n<li > \u00c9quip\u00e9 d\u2019une entr\u00e9e priv\u00e9e <\/li>\n<li > Canap\u00e9 disponible <\/li>\n<li > Carrelage ou marbre <\/li>\n<li > Il comprend la salle \u00e0 manger <\/li>\n<li > Chauffage \u00e9lectrique <\/li>\n<li > Il a des accessoires de cuisine <\/li>\n<li > Armoires disponibles <\/li>\n<li > \u00c9quip\u00e9e avec plaques de cuisson <\/li>\n<li > Grille-pain disponible <\/li>\n<li > Il a un bidet <\/li>\n<li > Il offre une vue sur le jardin <\/li>\n<li > Avec vue sur la montagne <\/li>\n<li > Il a une cafeti\u00e8re <\/li>\n<li > Disponibilit\u00e9 des serviettes <\/li>\n<li > Disponibilit\u00e9 de linge de lit <\/li>\n<li > Elle a table \u00e0 manger <\/li>\n<li > Chaise haute disponible <\/li>\n<li > Il a des meubles d\u2019ext\u00e9rieur <\/li>\n<li > Situ\u00e9 en plein sur le premier \u00e9tage <\/li>\n<li > Accessible aux personnes \u00e0 mobilit\u00e9 r\u00e9duite <\/li>\n<li > H\u00e9bergement Maison de ville <\/li>\n<li > Il a un lit pliable <\/li>\n<li > \u00c9quip\u00e9s de papier toilette <\/li>\n<li > Douche pour personnes \u00e0 mobilit\u00e9 r\u00e9duite <\/li>\n<li > Il dispose d\u2019une douche faible <\/li>\n<li > Il a des serviettes de piscine <\/li>\n<li > \u00c9quip\u00e9e de bacs <\/li>\n<li > Option lits ou lits pour enfants <\/li>\n<\/ul>\n<p><img decoding=\"async\" alt=\"Apartamentos Vadella Pueblo booking\" src=\"https:\/\/raw.githubusercontent.com\/soloibiza\/solo-ibiza\/master\/vadella-pueblo\/apartamentos-vadella-pueblo-booking.jpg\" title=\"\"><\/p>\n<h3 itemprop=\"numberOfRooms\" itemscope=\"\" itemtype=\"https:\/\/schema.org\/QuantitativeValue\"><span itemprop=\"unitText\">Appartement<\/span> <span itemprop=\"priceCurrency\">1<\/span> lit (s). Maximum 4 personne (s)<\/h3>\n<ul>\n<li > Il a une cafeti\u00e8re <\/li>\n<li > Salle de bain avec douche <\/li>\n<li > Salle de bain avec baignoire <\/li>\n<li > Safebox <\/li>\n<li > T\u00e9l\u00e9vision disponible <\/li>\n<li > Climatisation \u00e0 r\u00e9glage \/ climatisation <\/li>\n<li > \u00c9quip\u00e9e avec s\u00e8che-cheveux <\/li>\n<li > Il a le fer <\/li>\n<li > Il y a l\u2019espace cuisine <\/li>\n<li > \u00c9quip\u00e9es d\u2019un r\u00e9frig\u00e9rateur <\/li>\n<li > Ventilateur inclus <\/li>\n<li > \u00c9quip\u00e9e avec four \u00e0 micro-ondes <\/li>\n<li > Il a patio <\/li>\n<li > Salle de bains activ\u00e9 <\/li>\n<li > \u00c9quip\u00e9es de chauffage <\/li>\n<li > \u00c9quip\u00e9 de cuisine <\/li>\n<li > Vous poss\u00e8dent une baignoire ou douche <\/li>\n<li > TV \u00e9cran plat <\/li>\n<li > \u00c9quip\u00e9 d\u2019une entr\u00e9e priv\u00e9e <\/li>\n<li > Canap\u00e9 disponible <\/li>\n<li > Carrelage ou marbre <\/li>\n<li > Il comprend la salle \u00e0 manger <\/li>\n<li > Chauffage \u00e9lectrique <\/li>\n<li > Il a des accessoires de cuisine <\/li>\n<li > Armoires disponibles <\/li>\n<li > \u00c9quip\u00e9e avec plaques de cuisson <\/li>\n<li > Grille-pain disponible <\/li>\n<li > Il a un bidet <\/li>\n<li > Il offre une vue sur le jardin <\/li>\n<li > Avec vue sur la montagne <\/li>\n<li > Il a une cafeti\u00e8re <\/li>\n<li > Chambre avec terrasse <\/li>\n<li > Disponibilit\u00e9 des serviettes <\/li>\n<li > Disponibilit\u00e9 de linge de lit <\/li>\n<li > Elle a table \u00e0 manger <\/li>\n<li > Chaise haute disponible <\/li>\n<li > Il a des meubles d\u2019ext\u00e9rieur <\/li>\n<li > Situ\u00e9 en plein sur le premier \u00e9tage <\/li>\n<li > H\u00e9bergement Maison de ville <\/li>\n<li > Il a un lit pliable <\/li>\n<li > \u00c9quip\u00e9s de papier toilette <\/li>\n<li > Il a des serviettes de piscine <\/li>\n<li > \u00c9quip\u00e9e de bacs <\/li>\n<li > Option lits ou lits pour enfants <\/li>\n<\/ul>\n<p><img decoding=\"async\" alt=\"Apartamentos Vadella Pueblo reservas\" src=\"https:\/\/raw.githubusercontent.com\/soloibiza\/solo-ibiza\/master\/vadella-pueblo\/apartamentos-vadella-pueblo-reservas.jpg\" title=\"\"><\/p>\n<h3 itemprop=\"numberOfRooms\" itemscope=\"\" itemtype=\"https:\/\/schema.org\/QuantitativeValue\"><span itemprop=\"unitText\">Appartement<\/span> <span itemprop=\"priceCurrency\">1<\/span> lit (s). Maximum 4 personne (s)<\/h3>\n<ul>\n<li > Il a une cafeti\u00e8re <\/li>\n<li > Salle de bain avec douche <\/li>\n<li > Salle de bain avec baignoire <\/li>\n<li > Safebox <\/li>\n<li > T\u00e9l\u00e9vision disponible <\/li>\n<li > Climatisation \u00e0 r\u00e9glage \/ climatisation <\/li>\n<li > \u00c9quip\u00e9e avec s\u00e8che-cheveux <\/li>\n<li > Il a le fer <\/li>\n<li > Il y a l\u2019espace cuisine <\/li>\n<li > \u00c9quip\u00e9es d\u2019un r\u00e9frig\u00e9rateur <\/li>\n<li > Ventilateur inclus <\/li>\n<li > \u00c9quip\u00e9e avec four \u00e0 micro-ondes <\/li>\n<li > Il a patio <\/li>\n<li > Salle de bains activ\u00e9 <\/li>\n<li > \u00c9quip\u00e9es de chauffage <\/li>\n<li > \u00c9quip\u00e9 de cuisine <\/li>\n<li > Vous poss\u00e8dent une baignoire ou douche <\/li>\n<li > TV \u00e9cran plat <\/li>\n<li > \u00c9quip\u00e9 d\u2019une entr\u00e9e priv\u00e9e <\/li>\n<li > Canap\u00e9 disponible <\/li>\n<li > Carrelage ou marbre <\/li>\n<li > Il comprend la salle \u00e0 manger <\/li>\n<li > Chauffage \u00e9lectrique <\/li>\n<li > Il a des accessoires de cuisine <\/li>\n<li > Armoires disponibles <\/li>\n<li > \u00c9quip\u00e9e avec plaques de cuisson <\/li>\n<li > Grille-pain disponible <\/li>\n<li > Il a un bidet <\/li>\n<li > Il offre une vue sur le jardin <\/li>\n<li > Avec vue sur la montagne <\/li>\n<li > Il a une cafeti\u00e8re <\/li>\n<li > Chambre avec terrasse <\/li>\n<li > Disponibilit\u00e9 des serviettes <\/li>\n<li > Disponibilit\u00e9 de linge de lit <\/li>\n<li > Elle a table \u00e0 manger <\/li>\n<li > Chaise haute disponible <\/li>\n<li > Il a des meubles d\u2019ext\u00e9rieur <\/li>\n<li > Situ\u00e9 en plein sur le premier \u00e9tage <\/li>\n<li > H\u00e9bergement Maison de ville <\/li>\n<li > Il a un lit pliable <\/li>\n<li > \u00c9quip\u00e9s de papier toilette <\/li>\n<li > Il a canap\u00e9-lit <\/li>\n<li > Il a des serviettes de piscine <\/li>\n<li > \u00c9quip\u00e9e de bacs <\/li>\n<li > Option lits ou lits pour enfants <\/li>\n<\/ul>\n<p><img decoding=\"async\" alt=\"Apartamentos Vadella Pueblo barato\" src=\"https:\/\/raw.githubusercontent.com\/soloibiza\/solo-ibiza\/master\/vadella-pueblo\/apartamentos-vadella-pueblo-barato.jpg\" title=\"\"><\/p>\n<h3 itemprop=\"numberOfRooms\" itemscope=\"\" itemtype=\"https:\/\/schema.org\/QuantitativeValue\"><span itemprop=\"unitText\">Appartement<\/span> <span itemprop=\"priceCurrency\">1<\/span> canap\u00e9-lit (s). Maximum 4 personne (s)<\/h3>\n<ul>\n<li > Il a une cafeti\u00e8re <\/li>\n<li > Salle de bain avec douche <\/li>\n<li > Salle de bain avec baignoire <\/li>\n<li > Safebox <\/li>\n<li > T\u00e9l\u00e9vision disponible <\/li>\n<li > Climatisation \u00e0 r\u00e9glage \/ climatisation <\/li>\n<li > \u00c9quip\u00e9e avec s\u00e8che-cheveux <\/li>\n<li > Il a le fer <\/li>\n<li > Il y a l\u2019espace cuisine <\/li>\n<li > \u00c9quip\u00e9es d\u2019un r\u00e9frig\u00e9rateur <\/li>\n<li > Ventilateur inclus <\/li>\n<li > \u00c9quip\u00e9e avec four \u00e0 micro-ondes <\/li>\n<li > Il a patio <\/li>\n<li > Salle de bains activ\u00e9 <\/li>\n<li > \u00c9quip\u00e9es de chauffage <\/li>\n<li > \u00c9quip\u00e9 de cuisine <\/li>\n<li > Vous poss\u00e8dent une baignoire ou douche <\/li>\n<li > TV \u00e9cran plat <\/li>\n<li > \u00c9quip\u00e9 d\u2019une entr\u00e9e priv\u00e9e <\/li>\n<li > Canap\u00e9 disponible <\/li>\n<li > Carrelage ou marbre <\/li>\n<li > Il comprend la salle \u00e0 manger <\/li>\n<li > Chauffage \u00e9lectrique <\/li>\n<li > Il a des accessoires de cuisine <\/li>\n<li > Armoires disponibles <\/li>\n<li > \u00c9quip\u00e9e avec plaques de cuisson <\/li>\n<li > Grille-pain disponible <\/li>\n<li > Il a un bidet <\/li>\n<li > Il offre une vue sur le jardin <\/li>\n<li > Avec vue sur la montagne <\/li>\n<li > Il a une cafeti\u00e8re <\/li>\n<li > Chambre avec terrasse <\/li>\n<li > Disponibilit\u00e9 des serviettes <\/li>\n<li > Disponibilit\u00e9 de linge de lit <\/li>\n<li > Elle a table \u00e0 manger <\/li>\n<li > Chaise haute disponible <\/li>\n<li > Il a des meubles d\u2019ext\u00e9rieur <\/li>\n<li > Situ\u00e9 en plein sur le premier \u00e9tage <\/li>\n<li > H\u00e9bergement Maison de ville <\/li>\n<li > Il a un lit pliable <\/li>\n<li > \u00c9quip\u00e9s de papier toilette <\/li>\n<li > Il a canap\u00e9-lit <\/li>\n<li > Il a des serviettes de piscine <\/li>\n<li > \u00c9quip\u00e9e de bacs <\/li>\n<li > Option lits ou lits pour enfants <\/li>\n<\/ul>\n<p><img decoding=\"async\" alt=\"Apartamentos Vadella Pueblo baratos\" src=\"https:\/\/raw.githubusercontent.com\/soloibiza\/solo-ibiza\/master\/vadella-pueblo\/apartamentos-vadella-pueblo-baratos.jpg\" title=\"\"><\/p>\n<h3 itemprop=\"numberOfRooms\" itemscope=\"\" itemtype=\"https:\/\/schema.org\/QuantitativeValue\"><span itemprop=\"unitText\">Appartement<\/span> <span itemprop=\"priceCurrency\">1<\/span> canap\u00e9-lit (s). Maximum 4 personne (s)<\/h3>\n<ul>\n<li > Il a une cafeti\u00e8re <\/li>\n<li > Salle de bain avec douche <\/li>\n<li > Safebox <\/li>\n<li > T\u00e9l\u00e9vision disponible <\/li>\n<li > Climatisation \u00e0 r\u00e9glage \/ climatisation <\/li>\n<li > \u00c9quip\u00e9e avec s\u00e8che-cheveux <\/li>\n<li > Il a le fer <\/li>\n<li > Il y a l\u2019espace cuisine <\/li>\n<li > \u00c9quip\u00e9es d\u2019un r\u00e9frig\u00e9rateur <\/li>\n<li > Ventilateur inclus <\/li>\n<li > \u00c9quip\u00e9e avec four \u00e0 micro-ondes <\/li>\n<li > Il a patio <\/li>\n<li > Salle de bains activ\u00e9 <\/li>\n<li > \u00c9quip\u00e9es de chauffage <\/li>\n<li > \u00c9quip\u00e9 de cuisine <\/li>\n<li > Vous poss\u00e8dent une baignoire ou douche <\/li>\n<li > Il sont communicantes disponibles <\/li>\n<li > TV \u00e9cran plat <\/li>\n<li > \u00c9quip\u00e9 d\u2019une entr\u00e9e priv\u00e9e <\/li>\n<li > Canap\u00e9 disponible <\/li>\n<li > Carrelage ou marbre <\/li>\n<li > Il comprend la salle \u00e0 manger <\/li>\n<li > Chauffage \u00e9lectrique <\/li>\n<li > Il a des accessoires de cuisine <\/li>\n<li > Armoires disponibles <\/li>\n<li > \u00c9quip\u00e9e avec plaques de cuisson <\/li>\n<li > Grille-pain disponible <\/li>\n<li > Il a un bidet <\/li>\n<li > Il offre une vue sur le jardin <\/li>\n<li > Avec vue sur la montagne <\/li>\n<li > Il a une cafeti\u00e8re <\/li>\n<li > Chambre avec terrasse <\/li>\n<li > Disponibilit\u00e9 des serviettes <\/li>\n<li > Disponibilit\u00e9 de linge de lit <\/li>\n<li > Elle a table \u00e0 manger <\/li>\n<li > Chaise haute disponible <\/li>\n<li > Il a des meubles d\u2019ext\u00e9rieur <\/li>\n<li > Situ\u00e9 en plein sur le premier \u00e9tage <\/li>\n<li > H\u00e9bergement Maison de ville <\/li>\n<li > Il a un lit pliable <\/li>\n<li > \u00c9quip\u00e9s de papier toilette <\/li>\n<li > Il a canap\u00e9-lit <\/li>\n<li > Il a des serviettes de piscine <\/li>\n<li > \u00c9quip\u00e9e de bacs <\/li>\n<li > Option lits ou lits pour enfants <\/li>\n<\/ul>\n<p><img decoding=\"async\" alt=\"Apartamentos Vadella Pueblo oferta\" src=\"https:\/\/raw.githubusercontent.com\/soloibiza\/solo-ibiza\/master\/vadella-pueblo\/apartamentos-vadella-pueblo-oferta.jpg\" title=\"\"><\/p>\n<h3 itemprop=\"numberOfRooms\" itemscope=\"\" itemtype=\"https:\/\/schema.org\/QuantitativeValue\"><span itemprop=\"unitText\">Appartement<\/span> <span itemprop=\"priceCurrency\">1<\/span> canap\u00e9-lit (s). Maximum 6 personne (s)<\/h3>\n<ul>\n<li > Il a une cafeti\u00e8re <\/li>\n<li > Salle de bain avec douche <\/li>\n<li > Salle de bain avec baignoire <\/li>\n<li > Safebox <\/li>\n<li > T\u00e9l\u00e9vision disponible <\/li>\n<li > Climatisation \u00e0 r\u00e9glage \/ climatisation <\/li>\n<li > \u00c9quip\u00e9e avec s\u00e8che-cheveux <\/li>\n<li > Il a le fer <\/li>\n<li > Il y a l\u2019espace cuisine <\/li>\n<li > \u00c9quip\u00e9es d\u2019un r\u00e9frig\u00e9rateur <\/li>\n<li > Ventilateur inclus <\/li>\n<li > \u00c9quip\u00e9e avec four \u00e0 micro-ondes <\/li>\n<li > Salle de bains activ\u00e9 <\/li>\n<li > \u00c9quip\u00e9es de chauffage <\/li>\n<li > \u00c9quip\u00e9 de cuisine <\/li>\n<li > Vous poss\u00e8dent une baignoire ou douche <\/li>\n<li > TV \u00e9cran plat <\/li>\n<li > \u00c9quip\u00e9 d\u2019une entr\u00e9e priv\u00e9e <\/li>\n<li > Canap\u00e9 disponible <\/li>\n<li > Carrelage ou marbre <\/li>\n<li > Il comprend la salle \u00e0 manger <\/li>\n<li > Chauffage \u00e9lectrique <\/li>\n<li > Il a des accessoires de cuisine <\/li>\n<li > Armoires disponibles <\/li>\n<li > \u00c9quip\u00e9e avec plaques de cuisson <\/li>\n<li > Grille-pain disponible <\/li>\n<li > Il a un bidet <\/li>\n<li > Il offre une vue sur le jardin <\/li>\n<li > Avec vue sur la montagne <\/li>\n<li > Il a une cafeti\u00e8re <\/li>\n<li > Chambre avec terrasse <\/li>\n<li > Disponibilit\u00e9 des serviettes <\/li>\n<li > Disponibilit\u00e9 de linge de lit <\/li>\n<li > Elle a table \u00e0 manger <\/li>\n<li > Chaise haute disponible <\/li>\n<li > Il a des meubles d\u2019ext\u00e9rieur <\/li>\n<li > Situ\u00e9 en plein sur le premier \u00e9tage <\/li>\n<li > H\u00e9bergement Maison de ville <\/li>\n<li > Il a un lit pliable <\/li>\n<li > \u00c9quip\u00e9s de papier toilette <\/li>\n<li > Il a canap\u00e9-lit <\/li>\n<li > Il a des serviettes de piscine <\/li>\n<li > \u00c9quip\u00e9e de bacs <\/li>\n<li > Option lits ou lits pour enfants <\/li>\n<\/ul>\n<p><img decoding=\"async\" alt=\"Apartamentos Vadella Pueblo ofertas\" src=\"https:\/\/raw.githubusercontent.com\/soloibiza\/solo-ibiza\/master\/vadella-pueblo\/apartamentos-vadella-pueblo-ofertas.jpg\" title=\"\"><\/p>\n<h3 itemprop=\"numberOfRooms\" itemscope=\"\" itemtype=\"https:\/\/schema.org\/QuantitativeValue\"><span itemprop=\"unitText\">Appartement<\/span> <span itemprop=\"priceCurrency\">1<\/span> canap\u00e9-lit (s). Maximum 6 personne (s)<\/h3>\n<ul>\n<li > Il a une cafeti\u00e8re <\/li>\n<li > Salle de bain avec douche <\/li>\n<li > Salle de bain avec baignoire <\/li>\n<li > Safebox <\/li>\n<li > T\u00e9l\u00e9vision disponible <\/li>\n<li > \u00c9quip\u00e9e avec s\u00e8che-cheveux <\/li>\n<li > Il a le fer <\/li>\n<li > Il y a l\u2019espace cuisine <\/li>\n<li > \u00c9quip\u00e9es d\u2019un r\u00e9frig\u00e9rateur <\/li>\n<li > Ventilateur inclus <\/li>\n<li > \u00c9quip\u00e9e avec four \u00e0 micro-ondes <\/li>\n<li > Il a patio <\/li>\n<li > Salle de bains activ\u00e9 <\/li>\n<li > \u00c9quip\u00e9 de cuisine <\/li>\n<li > Vous poss\u00e8dent une baignoire ou douche <\/li>\n<li > Il a des toilettes suppl\u00e9mentaires <\/li>\n<li > \u00c9quip\u00e9 d\u2019une entr\u00e9e priv\u00e9e <\/li>\n<li > Canap\u00e9 disponible <\/li>\n<li > Carrelage ou marbre <\/li>\n<li > Il comprend la salle \u00e0 manger <\/li>\n<li > Chauffage \u00e9lectrique <\/li>\n<li > Il a des accessoires de cuisine <\/li>\n<li > Armoires disponibles <\/li>\n<li > \u00c9quip\u00e9e avec plaques de cuisson <\/li>\n<li > Grille-pain disponible <\/li>\n<li > Il a un bidet <\/li>\n<li > Il offre une vue sur le jardin <\/li>\n<li > Avec vue sur la montagne <\/li>\n<li > Il a une cafeti\u00e8re <\/li>\n<li > Chambre avec terrasse <\/li>\n<li > Disponibilit\u00e9 des serviettes <\/li>\n<li > Disponibilit\u00e9 de linge de lit <\/li>\n<li > Elle a table \u00e0 manger <\/li>\n<li > Chaise haute disponible <\/li>\n<li > Il a des meubles d\u2019ext\u00e9rieur <\/li>\n<li > Situ\u00e9 en plein sur le premier \u00e9tage <\/li>\n<li > H\u00e9bergement Maison de ville <\/li>\n<li > Il a un lit pliable <\/li>\n<li > \u00c9quip\u00e9s de papier toilette <\/li>\n<li > Il a canap\u00e9-lit <\/li>\n<li > Il a des serviettes de piscine <\/li>\n<li > \u00c9quip\u00e9e de bacs <\/li>\n<li > Option lits ou lits pour enfants <\/li>\n<\/ul>\n<p><img decoding=\"async\" alt=\"Apartamentos Vadella Pueblo Ibiza\" src=\"https:\/\/raw.githubusercontent.com\/soloibiza\/solo-ibiza\/master\/vadella-pueblo\/apartamentos-vadella-pueblo-ibiza.jpg\" title=\"\"><\/p>\n<h3 itemprop=\"numberOfRooms\" itemscope=\"\" itemtype=\"https:\/\/schema.org\/QuantitativeValue\"><span itemprop=\"unitText\">Appartement<\/span> <span itemprop=\"priceCurrency\">1<\/span> canap\u00e9-lit (s). Maximum 6 personne (s)<\/h3>\n<ul>\n<li > Il a une cafeti\u00e8re <\/li>\n<li > Salle de bain avec douche <\/li>\n<li > Safebox <\/li>\n<li > T\u00e9l\u00e9vision disponible <\/li>\n<li > \u00c9quip\u00e9e avec s\u00e8che-cheveux <\/li>\n<li > Il a le fer <\/li>\n<li > Il y a l\u2019espace cuisine <\/li>\n<li > \u00c9quip\u00e9es d\u2019un r\u00e9frig\u00e9rateur <\/li>\n<li > Ventilateur inclus <\/li>\n<li > \u00c9quip\u00e9e avec four \u00e0 micro-ondes <\/li>\n<li > Salle de bains activ\u00e9 <\/li>\n<li > \u00c9quip\u00e9es de chauffage <\/li>\n<li > \u00c9quip\u00e9 de cuisine <\/li>\n<li > Vous poss\u00e8dent une baignoire ou douche <\/li>\n<li > Il a des toilettes suppl\u00e9mentaires <\/li>\n<li > TV \u00e9cran plat <\/li>\n<li > \u00c9quip\u00e9 d\u2019une entr\u00e9e priv\u00e9e <\/li>\n<li > Canap\u00e9 disponible <\/li>\n<li > Carrelage ou marbre <\/li>\n<li > Il comprend la salle \u00e0 manger <\/li>\n<li > Chauffage \u00e9lectrique <\/li>\n<li > Il a des accessoires de cuisine <\/li>\n<li > Armoires disponibles <\/li>\n<li > \u00c9quip\u00e9e avec plaques de cuisson <\/li>\n<li > Grille-pain disponible <\/li>\n<li > Il a un bidet <\/li>\n<li > Il offre une vue sur la mer <\/li>\n<li > Il offre une vue sur le jardin <\/li>\n<li > Avec vue sur la montagne <\/li>\n<li > Il a une cafeti\u00e8re <\/li>\n<li > Chambre avec terrasse <\/li>\n<li > Disponibilit\u00e9 des serviettes <\/li>\n<li > Disponibilit\u00e9 de linge de lit <\/li>\n<li > Elle a table \u00e0 manger <\/li>\n<li > Chaise haute disponible <\/li>\n<li > Il a des meubles d\u2019ext\u00e9rieur <\/li>\n<li > \u00c9chelles pour acc\u00e9der aux \u00e9tages sup\u00e9rieurs <\/li>\n<li > H\u00e9bergement Maison de ville <\/li>\n<li > Il a un lit pliable <\/li>\n<li > \u00c9quip\u00e9s de papier toilette <\/li>\n<li > Il a canap\u00e9-lit <\/li>\n<li > Il a des serviettes de piscine <\/li>\n<li > \u00c9quip\u00e9e de bacs <\/li>\n<li > Option lits ou lits pour enfants <\/li>\n<\/ul>\n<p><img decoding=\"async\" alt=\"Apartamentos Vadella Pueblo Cala Vadella\" src=\"https:\/\/raw.githubusercontent.com\/soloibiza\/solo-ibiza\/master\/vadella-pueblo\/apartamentos-vadella-pueblo-cala-vadella.jpg\" title=\"\"><\/p>\n<h3 itemprop=\"numberOfRooms\" itemscope=\"\" itemtype=\"https:\/\/schema.org\/QuantitativeValue\"><span itemprop=\"unitText\">Appartement<\/span> <span itemprop=\"priceCurrency\">1<\/span> lit (s). Maximum 2 personne (s)<\/h3>\n<ul>\n<li > Il a une cafeti\u00e8re <\/li>\n<li > Salle de bain avec douche <\/li>\n<li > Salle de bain avec baignoire <\/li>\n<li > Safebox <\/li>\n<li > T\u00e9l\u00e9vision disponible <\/li>\n<li > \u00c9quip\u00e9e avec s\u00e8che-cheveux <\/li>\n<li > Il a le fer <\/li>\n<li > Il y a l\u2019espace cuisine <\/li>\n<li > \u00c9quip\u00e9es d\u2019un r\u00e9frig\u00e9rateur <\/li>\n<li > Ventilateur inclus <\/li>\n<li > \u00c9quip\u00e9e avec four \u00e0 micro-ondes <\/li>\n<li > Salle de bains activ\u00e9 <\/li>\n<li > \u00c9quip\u00e9 de cuisine <\/li>\n<li > Vous poss\u00e8dent une baignoire ou douche <\/li>\n<li > \u00c9quip\u00e9 d\u2019une entr\u00e9e priv\u00e9e <\/li>\n<li > Canap\u00e9 disponible <\/li>\n<li > Carrelage ou marbre <\/li>\n<li > Il comprend la salle \u00e0 manger <\/li>\n<li > Chauffage \u00e9lectrique <\/li>\n<li > Il a des accessoires de cuisine <\/li>\n<li > \u00c9quip\u00e9e de moustiquaire <\/li>\n<li > Armoires disponibles <\/li>\n<li > \u00c9quip\u00e9e avec plaques de cuisson <\/li>\n<li > Grille-pain disponible <\/li>\n<li > Il a un bidet <\/li>\n<li > Il offre une vue sur la mer <\/li>\n<li > Il offre une vue sur le jardin <\/li>\n<li > Avec vue sur la montagne <\/li>\n<li > Il a une cafeti\u00e8re <\/li>\n<li > Chambre avec terrasse <\/li>\n<li > Disponibilit\u00e9 des serviettes <\/li>\n<li > Disponibilit\u00e9 de linge de lit <\/li>\n<li > Elle a table \u00e0 manger <\/li>\n<li > Chaise haute disponible <\/li>\n<li > Il a des meubles d\u2019ext\u00e9rieur <\/li>\n<li > \u00c9chelles pour acc\u00e9der aux \u00e9tages sup\u00e9rieurs <\/li>\n<li > H\u00e9bergement priv\u00e9 en b\u00e2timent <\/li>\n<li > Il a un lit pliable <\/li>\n<li > \u00c9quip\u00e9s de papier toilette <\/li>\n<li > Il a des serviettes de piscine <\/li>\n<li > \u00c9quip\u00e9e de bacs <\/li>\n<li > Option lits ou lits pour enfants <\/li>\n<\/ul>\n<p><img decoding=\"async\" alt=\"Apartamentos Vadella Pueblo 0 Estrellas\" src=\"https:\/\/raw.githubusercontent.com\/soloibiza\/solo-ibiza\/master\/vadella-pueblo\/apartamentos-vadella-pueblo-0-estrellas.jpg\" title=\"\"><\/p>\n<h3 itemprop=\"numberOfRooms\" itemscope=\"\" itemtype=\"https:\/\/schema.org\/QuantitativeValue\"><span itemprop=\"unitText\">Appartement<\/span> <span itemprop=\"priceCurrency\">1<\/span> lit (s). Maximum 6 personne (s)<\/h3>\n<ul>\n<li > Salle de bain avec douche <\/li>\n<li > Safebox <\/li>\n<li > T\u00e9l\u00e9vision disponible <\/li>\n<li > \u00c9quip\u00e9e avec s\u00e8che-cheveux <\/li>\n<li > Il a le fer <\/li>\n<li > Il y a l\u2019espace cuisine <\/li>\n<li > \u00c9quip\u00e9es d\u2019un r\u00e9frig\u00e9rateur <\/li>\n<li > Ventilateur inclus <\/li>\n<li > \u00c9quip\u00e9e avec four \u00e0 micro-ondes <\/li>\n<li > Salle de bains activ\u00e9 <\/li>\n<li > \u00c9quip\u00e9 de cuisine <\/li>\n<li > Vous poss\u00e8dent une baignoire ou douche <\/li>\n<li > TV \u00e9cran plat <\/li>\n<li > \u00c9quip\u00e9 d\u2019une entr\u00e9e priv\u00e9e <\/li>\n<li > Canap\u00e9 disponible <\/li>\n<li > Carrelage ou marbre <\/li>\n<li > Il comprend la salle \u00e0 manger <\/li>\n<li > Chauffage \u00e9lectrique <\/li>\n<li > Il a des accessoires de cuisine <\/li>\n<li > \u00c9quip\u00e9e de moustiquaire <\/li>\n<li > Armoires disponibles <\/li>\n<li > \u00c9quip\u00e9e avec plaques de cuisson <\/li>\n<li > Grille-pain disponible <\/li>\n<li > Il a un bidet <\/li>\n<li > Il offre une vue sur le jardin <\/li>\n<li > Avec vue sur la montagne <\/li>\n<li > Il a une cafeti\u00e8re <\/li>\n<li > Chambre avec terrasse <\/li>\n<li > Disponibilit\u00e9 des serviettes <\/li>\n<li > Disponibilit\u00e9 de linge de lit <\/li>\n<li > Elle a table \u00e0 manger <\/li>\n<li > Chaise haute disponible <\/li>\n<li > Il a des meubles d\u2019ext\u00e9rieur <\/li>\n<li > Situ\u00e9 en plein sur le premier \u00e9tage <\/li>\n<li > Il a un lit pliable <\/li>\n<li > \u00c9quip\u00e9s de papier toilette <\/li>\n<li > Il a canap\u00e9-lit <\/li>\n<li > Il a des serviettes de piscine <\/li>\n<li > \u00c9quip\u00e9e de bacs <\/li>\n<li > Option lits ou lits pour enfants <\/li>\n<\/ul>\n<p><img decoding=\"async\" alt=\"Apartamentos Vadella Pueblo consejo\" src=\"https:\/\/raw.githubusercontent.com\/soloibiza\/solo-ibiza\/master\/vadella-pueblo\/apartamentos-vadella-pueblo-consejo.jpg\" title=\"\"><\/p>\n<h3 itemprop=\"numberOfRooms\" itemscope=\"\" itemtype=\"https:\/\/schema.org\/QuantitativeValue\"><span itemprop=\"unitText\">Appartement<\/span> <span itemprop=\"priceCurrency\">1<\/span> canap\u00e9-lit (s). Maximum de 3 personne (s)<\/h3>\n<ul>\n<li > Salle de bain avec douche <\/li>\n<li > T\u00e9l\u00e9vision disponible <\/li>\n<li > Climatisation \u00e0 r\u00e9glage \/ climatisation <\/li>\n<li > \u00c9quip\u00e9e avec s\u00e8che-cheveux <\/li>\n<li > Il a le fer <\/li>\n<li > Il y a l\u2019espace cuisine <\/li>\n<li > \u00c9quip\u00e9es d\u2019un r\u00e9frig\u00e9rateur <\/li>\n<li > \u00c9quip\u00e9e avec four \u00e0 micro-ondes <\/li>\n<li > Salle de bains activ\u00e9 <\/li>\n<li > \u00c9quip\u00e9es de chauffage <\/li>\n<li > \u00c9quip\u00e9 de cuisine <\/li>\n<li > Vous poss\u00e8dent une baignoire ou douche <\/li>\n<li > TV \u00e9cran plat <\/li>\n<li > \u00c9quip\u00e9 d\u2019une entr\u00e9e priv\u00e9e <\/li>\n<li > Canap\u00e9 disponible <\/li>\n<li > Planchers de parquet ou bois <\/li>\n<li > Il comprend la salle \u00e0 manger <\/li>\n<li > Chauffage \u00e9lectrique <\/li>\n<li > Il a des accessoires de cuisine <\/li>\n<li > Armoires disponibles <\/li>\n<li > \u00c9quip\u00e9e avec plaques de cuisson <\/li>\n<li > Grille-pain disponible <\/li>\n<li > Il a une cafeti\u00e8re <\/li>\n<li > Chambre avec terrasse <\/li>\n<li > Disponibilit\u00e9 des serviettes <\/li>\n<li > Disponibilit\u00e9 de linge de lit <\/li>\n<li > Elle a table \u00e0 manger <\/li>\n<li > Chaise haute disponible <\/li>\n<li > Il a des meubles d\u2019ext\u00e9rieur <\/li>\n<li > Il a un lit pliable <\/li>\n<li > \u00c9quip\u00e9s de papier toilette <\/li>\n<li > Il a canap\u00e9-lit <\/li>\n<li > Il dispose d\u2019une douche faible <\/li>\n<li > Il a des serviettes de piscine <\/li>\n<li > \u00c9quip\u00e9e de bacs <\/li>\n<li > Option lits ou lits pour enfants <\/li>\n<\/ul>\n<p><img decoding=\"async\" alt=\"Apartamentos Vadella Pueblo consejos\" src=\"https:\/\/raw.githubusercontent.com\/soloibiza\/solo-ibiza\/master\/vadella-pueblo\/apartamentos-vadella-pueblo-consejos.jpg\" title=\"\"><\/p>\n<h3 itemprop=\"numberOfRooms\" itemscope=\"\" itemtype=\"https:\/\/schema.org\/QuantitativeValue\"><span itemprop=\"unitText\">Appartement<\/span> <span itemprop=\"priceCurrency\">1<\/span> canap\u00e9-lit (s). Maximum 6 personne (s)<\/h3>\n<ul>\n<li > Salle de bain avec douche <\/li>\n<li > T\u00e9l\u00e9vision disponible <\/li>\n<li > Climatisation \u00e0 r\u00e9glage \/ climatisation <\/li>\n<li > \u00c9quip\u00e9e avec s\u00e8che-cheveux <\/li>\n<li > Il a le fer <\/li>\n<li > Il y a l\u2019espace cuisine <\/li>\n<li > \u00c9quip\u00e9es d\u2019un r\u00e9frig\u00e9rateur <\/li>\n<li > \u00c9quip\u00e9e avec four \u00e0 micro-ondes <\/li>\n<li > Il a patio <\/li>\n<li > Salle de bains activ\u00e9 <\/li>\n<li > \u00c9quip\u00e9 de cuisine <\/li>\n<li > Vous poss\u00e8dent une baignoire ou douche <\/li>\n<li > TV \u00e9cran plat <\/li>\n<li > \u00c9quip\u00e9 d\u2019une entr\u00e9e priv\u00e9e <\/li>\n<li > Canap\u00e9 disponible <\/li>\n<li > Il comprend la salle \u00e0 manger <\/li>\n<li > Chauffage \u00e9lectrique <\/li>\n<li > Il a des accessoires de cuisine <\/li>\n<li > Armoires disponibles <\/li>\n<li > \u00c9quip\u00e9e avec plaques de cuisson <\/li>\n<li > Grille-pain disponible <\/li>\n<li > Il a une cafeti\u00e8re <\/li>\n<li > Disponibilit\u00e9 des serviettes <\/li>\n<li > Disponibilit\u00e9 de linge de lit <\/li>\n<li > Elle a table \u00e0 manger <\/li>\n<li > Chaise haute disponible <\/li>\n<li > Il a des meubles d\u2019ext\u00e9rieur <\/li>\n<li > Il a un lit pliable <\/li>\n<li > \u00c9quip\u00e9s de papier toilette <\/li>\n<li > Il a canap\u00e9-lit <\/li>\n<li > Il a des serviettes de piscine <\/li>\n<li > \u00c9quip\u00e9e de bacs <\/li>\n<li > Option lits ou lits pour enfants <\/li>\n<\/ul>\n<p><img decoding=\"async\" alt=\"Apartamentos Vadella Pueblo habitacion\" src=\"https:\/\/raw.githubusercontent.com\/soloibiza\/solo-ibiza\/master\/vadella-pueblo\/apartamentos-vadella-pueblo-habitacion.jpg\" title=\"\"><\/p>\n<p class=\"enlacerojo\"><a href=\"https:\/blogs\/vadella-pueblo\/\" target=\"_top\" class=\"opinionesyreserva\" rel=\"noopener noreferrer\">Renseignements et r\u00e9servations<\/a><\/p>\n<h2 class=\"claro\" >Appartements vid\u00e9o Vadella Pueblo<\/h2>\n<p>Si vous voulez vous serez en mesure de jouer plein \u00e9cran appartements Vadella Pueblo vid\u00e9o sur Youtube. Nous vous rappelons que vous avez une liste compl\u00e8te des vid\u00e9os <a href=\"https:\/\/www.youtube.com\/playlist?list=PL0DiEIMdOY4MHdLl93tg5EHCB8pcAsIws\" target=\"_top\" rel=\"noopener noreferrer\">d\u2019H\u00f4tels Ibiza<\/a><\/p>\n<h2 class=\"claro\" >Lorsque vous vous d\u00e9placez de Ibiza Airport vers village Vadella appartements dans votre voiture de location<\/h2>\n<p>Si vous avez voiture pick up \u00e0 l\u2019a\u00e9roport d\u2019Ibiza ou ses environs, faites d\u00e9filer jusqu&#8217;\u00e0 appartements Vadella Pueblo sera facile suivant nos indications. Si pas encore r\u00e9serv\u00e9 votre propre v\u00e9hicule, nous vous recommandons de vous faites votre r\u00e9servation \u00e0 la section <a href=\"https:\/\/alquilercochesibiza.soloibiza.com\/\" title=\"alquiler coches Ibiza\" target=\"_top\" rel=\"noopener noreferrer\">location de voiture Ibiza<\/a>.<\/p>\n<ol class=\"despliega\">\n<li >Allez au <b>sud-est<\/b> vers <b>CTRA Circunvalacion Ibiza<\/b><\/li>\n<li >Sel le rond-point \u00e0 <b>Carretera de l&#8217; A\u00e9roport<\/b><\/li>\n<li >Au rond-point, prendre la <b>deuxi\u00e8me<\/b> sortie en direction <b>CTRA sa Caleta<\/b><\/li>\n<li ><b>Carretera de sa Caleta<\/b> , tourner \u00e0 <b>droite<\/b> jusqu&#8217;\u00e0 <b>Disseminat sa Caleta<\/b><\/li>\n<li >Ligne droite<\/li>\n<li >Au rond-point, prendre la <b>2\u00e8me<\/b> sortie pour <b>PM-803<\/b><\/li>\n<li>Se tourner vers la <b>gauche<\/b>.<\/li>\n<li >Au rond-point, prendre la <b>troisi\u00e8me<\/b> sortie direction <b>VP-803-1<\/b><\/li>\n<li>Vous continuez tout droit vers la route de <b>Saint Joseph-C. Vadell<\/b><\/li>\n<li >Toujours en <b>vue sur la mer Club de Carrer<\/b><\/li>\n<li >Tourner \u00e0 <b>droite<\/b> dans <b>Carrer L Esparta<\/b><\/li>\n<li ><b>Carrer L Esparta<\/b> continue la <b>gauche<\/b> direction <b>Carrer Calvi\u00e0<\/b><\/li>\n<\/ol>\n<h2 class=\"claro\" >H\u00f4tels pr\u00e8s de Vadella Pueblo<\/h2>\n<p >S\u2019il n\u2019y a pas de disponibilit\u00e9 en Vadella Pueblo ou n\u2019est pas \u00e0 votre go\u00fbt vous pourrez trouver d\u2019autres \u00e9tablissements \u00e0 proximit\u00e9 dans la liste ci-dessous. <\/p>\n<ul class=\"listasinscroll\">\n<li><a href=\"https:\/blogs\/studios-vadella-pueblo\/\" title=\"Studios Vadella Pueblo en Ibiza\" target=\"_top\" rel=\"noopener noreferrer\">Pueblo Vadella Studios<\/a> Environ 11 m\u00e8tres.<\/li>\n<li><a href=\"https:\/blogs\/villa-in-cala-vadella-iv\/\" title=\"Villa in Cala Vadella IV en Ibiza\" target=\"_top\" rel=\"noopener noreferrer\">R\u00e9servations \u00e0 la Villa \u00e0 Cala Vadella IV<\/a> 59 m\u00e8tres.<\/li>\n<li><a href=\"https:\/blogs\/can-villiza\/\" title=\"Can Villiza\" target=\"_top\" rel=\"noopener noreferrer\">L\u2019utilisateur peut Villiza<\/a> 122 m\u00e8tres.<\/li>\n<li><a href=\"https:\/blogs\/villiza-sunset\/\" title=\"Villiza Sunset en Ibiza\" target=\"_top\" rel=\"noopener noreferrer\">Villiza coucher de soleil \u00e0 Ibiza<\/a> 131 m\u00e8tres.<\/li>\n<li><a href=\"https:\/blogs\/villa-in-cala-vadella-xii\/\" title=\"Villa in Cala Vadella XII\" target=\"_top\" rel=\"noopener noreferrer\">Villa \u00e0 Cala Vadella XII<\/a> Environ 137 m\u00e8tres.<\/li>\n<li><a href=\"https:\/blogs\/apartamento-can-sesparta\/\" title=\"Apartamento Can S\" esparta=\"\" en=\"\" ibiza'=\"\" target=\"_top\">R\u00e9servations vacances Location peut S Sparte<\/a> Situ\u00e9 \u00e0 150 m\u00e8tres.<\/li>\n<li><a href=\"https:\/blogs\/apartamento-can-miramar\/\" title=\"Apartamento Can Miramar en Ibiza\" target=\"_top\" rel=\"noopener noreferrer\">R\u00e9servations \u00e0 location de vacances Miramar peut<\/a> Environ 250 m\u00e8tres.<\/li>\n<li><a href=\"https:\/blogs\/villa-in-cala-vadella-xi\/\" title=\"Villa in Cala Vadella XI\" target=\"_top\" rel=\"noopener noreferrer\">Villa \u00e0 Cala Vadella XI<\/a> 301 m\u00e8tres.<\/li>\n<li><a href=\"https:\/blogs\/sa-punta\/\" title=\"Sa Punta en Ibiza\" target=\"_top\" rel=\"noopener noreferrer\">L\u2019utilisateur Sa Punta<\/a> 315 m\u00e8tres.<\/li>\n<li><a href=\"https:\/blogs\/villa-martina\/\" title=\"Villa Martina\" target=\"_top\" rel=\"noopener noreferrer\">Villa Martina<\/a> 333 m\u00e8tres.<\/li>\n<li><a href=\"https:\/blogs\/villa-la-mar\/\" title=\"Villa La Mar Ibiza\" target=\"_top\" rel=\"noopener noreferrer\">La mer Villa<\/a> 362 m\u00e8tres.<\/li>\n<li><a href=\"https:\/blogs\/four-bedroom-villa-in-sant-josep-de-sa-talaia-with-terrace-ii\" title=\"Four-Bedroom Villa in Sant Josep de Sa Talaia with Terrace II\" target=\"_top\" rel=\"noopener noreferrer\">Commentaires Villa de 4 chambres \u00e0 Sant Josep de Sa Talaia avec terrasse II<\/a> Environ 420 m\u00e8tres.<\/li>\n<li><a href=\"https:\/blogs\/aparthotel-puerto-cala-vadella\/\" title=\"Aparthotel Puerto Cala Vadella\" target=\"_top\" rel=\"noopener noreferrer\">R\u00e9servation \u00e0 Aparthotel Puerto Cala Vadella<\/a> 421 m\u00e8tres.<\/li>\n<li><a href=\"https:\/blogs\/le-zen\/\" title=\"Le Zen en Ibiza\" target=\"_top\" rel=\"noopener noreferrer\">Le Zen<\/a> Environ 473 m\u00e8tres.<\/li>\n<li><a href=\"https:\/blogs\/villa-in-cala-vadella-i\/\" title=\"Villa in Cala Vadella I Ibiza\" target=\"_top\" rel=\"noopener noreferrer\">Villa vue (s) \u00e0 Cala Vadella j\u2019ai<\/a> 482 m\u00e8tres.<\/li>\n<\/ul>\n<p><\/span><\/p>\n","protected":false},"excerpt":{"rendered":"<p>Vadella Pueblo est situ\u00e9 dans le quartier de Cala Vadella, \u00e0 17,14 kilom\u00e8tres de l\u2019a\u00e9roport de l\u2019\u00eele terminal. Pour passer \u00e0 l\u2019h\u00e9bergement, nous vous sugg\u00e9rons de que vous louer votre voiture \u00e0 l\u2019a\u00e9roport d\u2019Ibiza avec Soloibiza.com. Informations d\u2019appartements Vadella Pueblo Pueblo Vadella Entr\u00e9e\u00a0: 14:00 Sortie\u00a0: 10:00 Situ\u00e9 \u00e0 Calvi\u00e0, 25, Cala Vadella, 07830 Espagne \u00eeles [&hellip;]<\/p>\n","protected":false},"author":1,"featured_media":33225,"comment_status":"open","ping_status":"open","sticky":false,"template":"","format":"standard","meta":{"_acf_changed":false,"footnotes":""},"categories":[1],"tags":[],"class_list":["post-33223","post","type-post","status-publish","format-standard","has-post-thumbnail","hentry","category-sin-categoria"],"acf":[],"_links":{"self":[{"href":"https:\/\/soloibiza.com\/fr\/wp-json\/wp\/v2\/posts\/33223","targetHints":{"allow":["GET"]}}],"collection":[{"href":"https:\/\/soloibiza.com\/fr\/wp-json\/wp\/v2\/posts"}],"about":[{"href":"https:\/\/soloibiza.com\/fr\/wp-json\/wp\/v2\/types\/post"}],"author":[{"embeddable":true,"href":"https:\/\/soloibiza.com\/fr\/wp-json\/wp\/v2\/users\/1"}],"replies":[{"embeddable":true,"href":"https:\/\/soloibiza.com\/fr\/wp-json\/wp\/v2\/comments?post=33223"}],"version-history":[{"count":0,"href":"https:\/\/soloibiza.com\/fr\/wp-json\/wp\/v2\/posts\/33223\/revisions"}],"wp:featuredmedia":[{"embeddable":true,"href":"https:\/\/soloibiza.com\/fr\/wp-json\/wp\/v2\/media\/33225"}],"wp:attachment":[{"href":"https:\/\/soloibiza.com\/fr\/wp-json\/wp\/v2\/media?parent=33223"}],"wp:term":[{"taxonomy":"category","embeddable":true,"href":"https:\/\/soloibiza.com\/fr\/wp-json\/wp\/v2\/categories?post=33223"},{"taxonomy":"post_tag","embeddable":true,"href":"https:\/\/soloibiza.com\/fr\/wp-json\/wp\/v2\/tags?post=33223"}],"curies":[{"name":"wp","href":"https:\/\/api.w.org\/{rel}","templated":true}]}}