{"id":27736,"date":"2017-02-11T14:39:58","date_gmt":"2017-02-11T13:39:58","guid":{"rendered":"https:\/?p=27736\/"},"modified":"2020-10-31T15:24:47","modified_gmt":"2020-10-31T14:24:47","slug":"chambres-dhotes-peut-villiza-et-infos-reservation","status":"publish","type":"post","link":"https:\/\/soloibiza.com\/fr\/chambres-dhotes-peut-villiza-et-infos-reservation\/","title":{"rendered":"Bed &#038; Breakfast peut Villiza Cala Vadella (Ibiza), opinions et r\u00e9servation"},"content":{"rendered":"\n<div id=\"hotel\">\n<p>Il peut Villiza est situ\u00e9 dans le quartier de <strong>Cala Vadella<\/strong>, \u00e0 environ 17,08 km du terminal de l\u2019a\u00e9roport d\u2019Ibiza. Pour acc\u00e9der \u00e0 Villiza pouvez nous vous recommandons de louer une voiture en Soloibiza.<\/p>\n<h2 class=\"claro\" >Chambres d\u2019hotes peut Villiza informations<\/h2>\n<div itemscope=\"\" itemtype=\"https:\/\/schema.org\/Hotel\"><strong><span itemprop=\"name\" >Peut Villiza<\/span><\/strong><\/p>\n<p itemprop=\"description\">\n<p> Entr\u00e9e\u00a0: <meta itemprop=\"checkinTime\" content=\"14:00\">14:00 <\/p>\n<p> Sortie\u00a0: <meta itemprop=\"checkoutTime\" content=\"11:00\">11:00<\/p>\n<p> Situ\u00e9 \u00e0 <span itemprop=\"address\" itemscope=\"\" itemtype=\"https:\/\/data-vocabulary.org\/Address\"> <span itemprop=\"street-address\">Vista club 22 Mar<\/span>, <span itemprop=\"locality\">Cala Vadella<\/span>, <span itemprop=\"postal-code\">07830<\/span> <span itemprop=\"country\">Espagne<\/span> <span itemprop=\"region\">\u00eeles Bal\u00e9ares<\/span>  <\/p>\n<div itemprop=\"geo\" itemscope=\"\" itemtype=\"https:\/\/schema.org\/GeoCoordinates\"><meta itemprop=\"latitude\" content=\"38.909647508966\"><meta itemprop=\"longitude\" content=\"1.2245035441803\"><\/p>\n<p class=\"preenlace\">Trouver les meilleurs prix en Villiza peut <a href=\"https:\/blogs\/can-villiza\/\" target=\"_top\" class=\"\" rel=\"noopener noreferrer\"><span class=\"fondofecha\"><\/span><\/a><\/p>\n<form method=\"get\" action=\"https:\/blogs\/opiniones\/can-villiza\/\" target=\"_top\"><input value=\"Buscar habitaci\u00f3n\" type=\"submit\"><input name=\"from\" value=\"\" type=\"hidden\"><input name=\"to\" value=\"fr\" type=\"hidden\"><input name=\"a\" value=\"https:\/blogs\/opiniones\/can-villiza\" type=\"hidden\"><input name=\"f\" value=\"1\" type=\"hidden\"><\/form>\n<p><a itemprop=\"hasMap\" href=\"https:\/\/www.google.com\/maps?ie=UTF8%26hq%26ll=38.909647508966%2C1.2245035441803%26z=18\" target=\"_top\" rel=\"noopener noreferrer\"> Voir sur la carte.<\/a><\/p>\n<p><img decoding=\"async\" src=\"https:\/\/raw.githubusercontent.com\/soloibiza\/solo-ibiza\/master\/can-villiza\/cama-y-desayuno-can-villiza-reverva.jpg\" alt=\"Cama y desayuno Can Villiza reverva\" title=\"\"><\/p>\n<h2 class=\"claro\" >Services communs \u00e0 chambres d\u2019hotes peut Villiza<\/h2>\n<p>Ensuite, vous ajoutez une relation de services communs \u00e0 bed and breakfast Villiza pouvez r\u00e9pertori\u00e9 par type. Vous serez en mesure de choisir leur s\u00e9jour pour faire votre recherche.<\/p>\n<h3 >G\u00e9n\u00e9rales<\/h3>\n<ul>\n<li itemprop=\"amenityFeature\" itemscope=\"\" itemtype=\"https:\/\/schema.org\/LocationFeatureSpecification\"><span itemprop=\"name\" >Il dispose d\u2019un parking<\/span> <meta itemprop=\"value\" content=\"True\"><\/li>\n<li itemprop=\"amenityFeature\" itemscope=\"\" itemtype=\"https:\/\/schema.org\/LocationFeatureSpecification\"><span itemprop=\"name\" >Animaux domestiques admis<\/span> <meta itemprop=\"value\" content=\"True\"><\/li>\n<li itemprop=\"amenityFeature\" itemscope=\"\" itemtype=\"https:\/\/schema.org\/LocationFeatureSpecification\"><span itemprop=\"name\" >Avec un parking gratuit<\/span> <meta itemprop=\"value\" content=\"True\"><\/li>\n<li itemprop=\"amenityFeature\" itemscope=\"\" itemtype=\"https:\/\/schema.org\/LocationFeatureSpecification\"><span itemprop=\"name\" >H\u00e9bergement avec parking<\/span> <meta itemprop=\"value\" content=\"True\"><\/li>\n<li itemprop=\"amenityFeature\" itemscope=\"\" itemtype=\"https:\/\/schema.org\/LocationFeatureSpecification\"><span itemprop=\"name\" >H\u00e9bergement avec connexion Wi-Fi<\/span> <meta itemprop=\"value\" content=\"True\"><\/li>\n<\/ul>\n<h3 >Activit\u00e9s<\/h3>\n<ul>\n<li itemprop=\"amenityFeature\" itemscope=\"\" itemtype=\"https:\/\/schema.org\/LocationFeatureSpecification\"><span itemprop=\"name\" >Disponibilit\u00e9 des courts de tennis<\/span> <meta itemprop=\"value\" content=\"True\"><\/li>\n<li itemprop=\"amenityFeature\" itemscope=\"\" itemtype=\"https:\/\/schema.org\/LocationFeatureSpecification\"><span itemprop=\"name\" >Installations pour la p\u00eache<\/span> <meta itemprop=\"value\" content=\"True\"><\/li>\n<li itemprop=\"amenityFeature\" itemscope=\"\" itemtype=\"https:\/\/schema.org\/LocationFeatureSpecification\"><span itemprop=\"name\" >Installations pour le windsurf<\/span> <meta itemprop=\"value\" content=\"True\"><\/li>\n<li itemprop=\"amenityFeature\" itemscope=\"\" itemtype=\"https:\/\/schema.org\/LocationFeatureSpecification\"><span itemprop=\"name\" >Installations pour le cano\u00eb<\/span> <meta itemprop=\"value\" content=\"True\"><\/li>\n<li itemprop=\"amenityFeature\" itemscope=\"\" itemtype=\"https:\/\/schema.org\/LocationFeatureSpecification\"><span itemprop=\"name\" >Installations pour la randonn\u00e9e<\/span> <meta itemprop=\"value\" content=\"True\"><\/li>\n<li itemprop=\"amenityFeature\" itemscope=\"\" itemtype=\"https:\/\/schema.org\/LocationFeatureSpecification\"><span itemprop=\"name\" >Installations pour le cyclisme<\/span> <meta itemprop=\"value\" content=\"True\"><\/li>\n<li itemprop=\"amenityFeature\" itemscope=\"\" itemtype=\"https:\/\/schema.org\/LocationFeatureSpecification\"><span itemprop=\"name\" >Installations pour la plong\u00e9e sous-marine<\/span> <meta itemprop=\"value\" content=\"True\"><\/li>\n<li itemprop=\"amenityFeature\" itemscope=\"\" itemtype=\"https:\/\/schema.org\/LocationFeatureSpecification\"><span itemprop=\"name\" >Installations pour la pratique de la plong\u00e9e<\/span> <meta itemprop=\"value\" content=\"True\"><\/li>\n<\/ul>\n<h3 >Services<\/h3>\n<ul>\n<li itemprop=\"amenityFeature\" itemscope=\"\" itemtype=\"https:\/\/schema.org\/LocationFeatureSpecification\"><span itemprop=\"name\" >Avec acc\u00e8s Internet<\/span> <meta itemprop=\"value\" content=\"True\"><\/li>\n<li itemprop=\"amenityFeature\" itemscope=\"\" itemtype=\"https:\/\/schema.org\/LocationFeatureSpecification\"><span itemprop=\"name\" >Service WiFi disponible<\/span> <meta itemprop=\"value\" content=\"True\"><\/li>\n<li itemprop=\"amenityFeature\" itemscope=\"\" itemtype=\"https:\/\/schema.org\/LocationFeatureSpecification\"><span itemprop=\"name\" >Il a une connexion Wi-Fi gratuite<\/span> <meta itemprop=\"value\" content=\"True\"><\/li>\n<\/ul>\n<h3 >Restauration et boissons<\/h3>\n<ul>\n<li itemprop=\"amenityFeature\" itemscope=\"\" itemtype=\"https:\/\/schema.org\/LocationFeatureSpecification\"><span itemprop=\"name\" >Distributeur automatique de boissons<\/span> <meta itemprop=\"value\" content=\"True\"><\/li>\n<\/ul>\n<h3 >Piscine et wellness<\/h3>\n<ul>\n<li itemprop=\"amenityFeature\" itemscope=\"\" itemtype=\"https:\/\/schema.org\/LocationFeatureSpecification\"><span itemprop=\"name\" >Il poss\u00e8de une piscine ext\u00e9rieure<\/span> <meta itemprop=\"value\" content=\"True\"><\/li>\n<li itemprop=\"amenityFeature\" itemscope=\"\" itemtype=\"https:\/\/schema.org\/LocationFeatureSpecification\"><span itemprop=\"name\" >Il a la piscine en plein air toute l\u2019ann\u00e9e<\/span> <meta itemprop=\"value\" content=\"True\"><\/li>\n<li itemprop=\"amenityFeature\" itemscope=\"\" itemtype=\"https:\/\/schema.org\/LocationFeatureSpecification\"><span itemprop=\"name\" >Il y a piscine<\/span> <meta itemprop=\"value\" content=\"True\"><\/li>\n<\/ul>\n<h3 >Transport<\/h3>\n<ul>\n<li itemprop=\"amenityFeature\" itemscope=\"\" itemtype=\"https:\/\/schema.org\/LocationFeatureSpecification\"><span itemprop=\"name\" >Service de navette vers l\u2019a\u00e9roport<\/span> <meta itemprop=\"value\" content=\"True\"><\/li>\n<li itemprop=\"amenityFeature\" itemscope=\"\" itemtype=\"https:\/\/schema.org\/LocationFeatureSpecification\"><span itemprop=\"name\" >Voitures \u00e0 louer \u00e9conomique \u00e0 l\u2019a\u00e9roport d\u2019Ibiza<\/span> <meta itemprop=\"value\" content=\"True\"><\/li>\n<li itemprop=\"amenityFeature\" itemscope=\"\" itemtype=\"https:\/\/schema.org\/LocationFeatureSpecification\"><span itemprop=\"name\" >Transfert \u00e0 l\u2019a\u00e9roport de services de paiement<\/span> <meta itemprop=\"value\" content=\"True\"><\/li>\n<\/ul>\n<h3 >Services de r\u00e9ception<\/h3>\n<ul>\n<li itemprop=\"amenityFeature\" itemscope=\"\" itemtype=\"https:\/\/schema.org\/LocationFeatureSpecification\"><span itemprop=\"name\" >Enregistrement priv\u00e9 d\u2019entr\u00e9e et de sortie<\/span> <meta itemprop=\"value\" content=\"True\"><\/li>\n<\/ul>\n<h3 >Offre de loisirs et de services pour les familles<\/h3>\n<ul>\n<li itemprop=\"amenityFeature\" itemscope=\"\" itemtype=\"https:\/\/schema.org\/LocationFeatureSpecification\"><span itemprop=\"name\" >Il a des services et garde d\u2019enfants<\/span> <meta itemprop=\"value\" content=\"True\"><\/li>\n<\/ul>\n<h3 >Services de nettoyage<\/h3>\n<ul>\n<li itemprop=\"amenityFeature\" itemscope=\"\" itemtype=\"https:\/\/schema.org\/LocationFeatureSpecification\"><span itemprop=\"name\" >Service de blanchisserie est disponible<\/span> <meta itemprop=\"value\" content=\"True\"><\/li>\n<li itemprop=\"amenityFeature\" itemscope=\"\" itemtype=\"https:\/\/schema.org\/LocationFeatureSpecification\"><span itemprop=\"name\" >Service de m\u00e9nage tous les jours<\/span> <meta itemprop=\"value\" content=\"True\"><\/li>\n<\/ul>\n<h3 >Plusieurs<\/h3>\n<ul>\n<li itemprop=\"amenityFeature\" itemscope=\"\" itemtype=\"https:\/\/schema.org\/LocationFeatureSpecification\"><span itemprop=\"name\" >Il existe des chambres familiales<\/span> <meta itemprop=\"value\" content=\"True\"><\/li>\n<\/ul>\n<p><img decoding=\"async\" alt=\"Cama y desayuno Can Villiza opiniones\" src=\"https:\/\/raw.githubusercontent.com\/soloibiza\/solo-ibiza\/master\/can-villiza\/cama-y-desayuno-can-villiza-opiniones.jpg\" title=\"\"><\/p>\n<h2 class=\"claro\" >Chambres disponibles \u00e0 Villiza peut<\/h2>\n<p >Nous vous apportons certaines chambres disponibles en ratio de services peut Villiza. <\/p>\n<h3 itemprop=\"numberOfRooms\" itemscope=\"\" itemtype=\"https:\/\/schema.org\/QuantitativeValue\"><span itemprop=\"unitText\">Double<\/span> <span itemprop=\"priceCurrency\">1<\/span> lit double (s) grand. Maximum 2 personne (s)<\/h3>\n<ul>\n<li > Il a une cafeti\u00e8re <\/li>\n<li > Salle de bain avec douche <\/li>\n<li > \u00c9quip\u00e9e avec s\u00e8che-cheveux <\/li>\n<li > \u00c9quip\u00e9es d\u2019un r\u00e9frig\u00e9rateur <\/li>\n<li > Surface disponible <\/li>\n<li > Ventilateur inclus <\/li>\n<li > Il a patio <\/li>\n<li > Salle de bains activ\u00e9 <\/li>\n<li > Par satellite est disponibles <\/li>\n<li > Vous poss\u00e8dent une baignoire ou douche <\/li>\n<li > TV \u00e9cran plat <\/li>\n<li > \u00c9quip\u00e9 d\u2019une entr\u00e9e priv\u00e9e <\/li>\n<li > Carrelage ou marbre <\/li>\n<li > Armoires disponibles <\/li>\n<li > Il offre une vue sur le jardin <\/li>\n<li > Avec vue sur la montagne <\/li>\n<li > Chambre avec terrasse <\/li>\n<li > Disponibilit\u00e9 des serviettes <\/li>\n<li > Disponibilit\u00e9 de linge de lit <\/li>\n<\/ul>\n<p><img decoding=\"async\" alt=\"Cama y desayuno Can Villiza booking\" src=\"https:\/\/raw.githubusercontent.com\/soloibiza\/solo-ibiza\/master\/can-villiza\/cama-y-desayuno-can-villiza-booking.jpg\" title=\"\"><\/p>\n<h3 itemprop=\"numberOfRooms\" itemscope=\"\" itemtype=\"https:\/\/schema.org\/QuantitativeValue\"><span itemprop=\"unitText\">Double<\/span> <span itemprop=\"priceCurrency\">1<\/span> lit double (s) grand. Maximum 2 personne (s)<\/h3>\n<ul>\n<li > Il a une cafeti\u00e8re <\/li>\n<li > Salle de bain avec douche <\/li>\n<li > \u00c9quip\u00e9e avec s\u00e8che-cheveux <\/li>\n<li > \u00c9quip\u00e9es d\u2019un r\u00e9frig\u00e9rateur <\/li>\n<li > Surface disponible <\/li>\n<li > Ventilateur inclus <\/li>\n<li > Il a patio <\/li>\n<li > Salle de bains activ\u00e9 <\/li>\n<li > Par satellite est disponibles <\/li>\n<li > Vous poss\u00e8dent une baignoire ou douche <\/li>\n<li > TV \u00e9cran plat <\/li>\n<li > \u00c9quip\u00e9 d\u2019une entr\u00e9e priv\u00e9e <\/li>\n<li > Carrelage ou marbre <\/li>\n<li > Armoires disponibles <\/li>\n<li > Il offre une vue sur le jardin <\/li>\n<li > Avec vue sur la montagne <\/li>\n<li > Chambre avec terrasse <\/li>\n<li > Disponibilit\u00e9 des serviettes <\/li>\n<li > Disponibilit\u00e9 de linge de lit <\/li>\n<\/ul>\n<p><img decoding=\"async\" alt=\"Cama y desayuno Can Villiza reservas\" src=\"https:\/\/raw.githubusercontent.com\/soloibiza\/solo-ibiza\/master\/can-villiza\/cama-y-desayuno-can-villiza-reservas.jpg\" title=\"\"><\/p>\n<h3 itemprop=\"numberOfRooms\" itemscope=\"\" itemtype=\"https:\/\/schema.org\/QuantitativeValue\"><span itemprop=\"unitText\">Quadruple<\/span> <span itemprop=\"priceCurrency\">2<\/span> double (s) grand. Maximum 4 personne (s)<\/h3>\n<ul>\n<li > Il a une cafeti\u00e8re <\/li>\n<li > Salle de bain avec douche <\/li>\n<li > \u00c9quip\u00e9e avec s\u00e8che-cheveux <\/li>\n<li > \u00c9quip\u00e9es d\u2019un r\u00e9frig\u00e9rateur <\/li>\n<li > Surface disponible <\/li>\n<li > Ventilateur inclus <\/li>\n<li > Il a patio <\/li>\n<li > Salle de bains activ\u00e9 <\/li>\n<li > Par satellite est disponibles <\/li>\n<li > Vous poss\u00e8dent une baignoire ou douche <\/li>\n<li > Il a des toilettes suppl\u00e9mentaires <\/li>\n<li > Il sont communicantes disponibles <\/li>\n<li > TV \u00e9cran plat <\/li>\n<li > \u00c9quip\u00e9 d\u2019une entr\u00e9e priv\u00e9e <\/li>\n<li > Carrelage ou marbre <\/li>\n<li > Chambre avec vue <\/li>\n<li > Armoires disponibles <\/li>\n<li > Il offre une vue sur la mer <\/li>\n<li > Donnant sur la piscine <\/li>\n<li > Avec vue sur la montagne <\/li>\n<li > Chambre avec terrasse <\/li>\n<li > Disponibilit\u00e9 des serviettes <\/li>\n<li > Disponibilit\u00e9 de linge de lit <\/li>\n<\/ul>\n<p><img decoding=\"async\" alt=\"Cama y desayuno Can Villiza barato\" src=\"https:\/\/raw.githubusercontent.com\/soloibiza\/solo-ibiza\/master\/can-villiza\/cama-y-desayuno-can-villiza-barato.jpg\" title=\"\"><\/p>\n<p class=\"enlacerojo\"><a href=\"https:\/blogs\/can-villiza\/\" target=\"_top\" class=\"opinionesyreserva\" rel=\"noopener noreferrer\">Renseignements et r\u00e9servations<\/a><\/p>\n<h2 class=\"claro\" >Bed &#038; Breakfast peut Villiza vid\u00e9o<\/h2>\n<p >Si vous pr\u00e9f\u00e9rez que vous pouvez jouer en plein \u00e9cran Youtube vid\u00e9o de Bed &#038; Breakfast peut Villiza . <\/p>\n<h2 class=\"claro\" >Comment se rendre de l\u2019a\u00e9roport d\u2019Ibiza \u00e0 bed &#038; Breakfast peut Villiza avec votre voiture de location<\/h2>\n<p>Vous pouvez imprimer ces signaux pour se d\u00e9placer \u00e0 votre r\u00e9servation bed and Breakfast peut Villiza si vous n\u2019avez pas votre propre voiture, que nous sugg\u00e9rons que vous faites votre r\u00e9servation \u00e0 la maison <a href=\"https:\/\/alquilercochesibiza.soloibiza.com\/\" title=\"alquiler de veh\u00edculo en el aeropuerto de Ibiza\" target=\"_top\" rel=\"noopener noreferrer\">en location de voitures a\u00e9roport de Ibiza<\/a>.<\/p>\n<ol class=\"despliega\">\n<li >Allez au <b>sud-est<\/b> vers <b>CTRA Circunvalacion Ibiza<\/b><\/li>\n<li >Sel le rond-point \u00e0 <b>Carretera de l&#8217; A\u00e9roport<\/b><\/li>\n<li >Au rond-point, prendre la <b>deuxi\u00e8me<\/b> sortie en direction <b>CTRA sa Caleta<\/b><\/li>\n<li ><b>Carretera de sa Caleta<\/b> , tourner \u00e0 <b>droite<\/b> jusqu&#8217;\u00e0 <b>Disseminat sa Caleta<\/b><\/li>\n<li >Ligne droite<\/li>\n<li >Au rond-point, prendre la <b>2\u00e8me<\/b> sortie pour <b>PM-803<\/b><\/li>\n<li>Se tourner vers la <b>gauche<\/b>.<\/li>\n<li >Au rond-point, prendre la <b>troisi\u00e8me<\/b> sortie direction <b>VP-803-1<\/b><\/li>\n<li>Vous continuez tout droit vers la route de <b>Saint Joseph-C. Vadell<\/b><\/li>\n<li>Toujours en <b>vue sur la mer Club de Carrer<\/b>\n<div style=\"font-size:0.9em\" >La destination se trouve sur la droite.<\/li>\n<\/ol>\n<h2 class=\"claro\" >H\u00f4tels pr\u00e8s de Villiza pouvez<\/h2>\n<p >S\u2019il n\u2019y a pas de chambres disponibles \u00e0 Villiza pouvez ou pr\u00e9f\u00e9rez davantage d\u2019options vous pouvez chercher des endroits dans les environs dans la liste ci-dessous. <\/p>\n<ul class=\"listasinscroll\">\n<li><a href=\"https:\/blogs\/villiza-sunset\/\" title=\"Villiza Sunset\" target=\"_top\" rel=\"noopener noreferrer\">R\u00e9servations au coucher du soleil Villiza<\/a> 17 m\u00e8tres.<\/li>\n<li><a href=\"https:\/blogs\/apartamento-can-sesparta\/\" title=\"Apartamento Can S\" esparta=\"\" en=\"\" ibiza'=\"\" target=\"_top\">R\u00e9servations vacances Location peut S Sparte<\/a> 30 m\u00e8tres.<\/li>\n<li><a href=\"https:\/blogs\/villa-in-cala-vadella-xii\/\" title=\"Villa in Cala Vadella XII Ibiza\" target=\"_top\" rel=\"noopener noreferrer\">Villa \u00e0 Cala Vadella XII \u00e0 Ibiza<\/a> Environ 98 m\u00e8tres.<\/li>\n<li><a href=\"https:\/blogs\/studios-vadella-pueblo\/\" title=\"Studios Vadella Pueblo\" target=\"_top\" rel=\"noopener noreferrer\">Pueblo Vadella Studios<\/a> 113 m\u00e8tres.<\/li>\n<li><a href=\"https:\/blogs\/vadella-pueblo\/\" title=\"Vadella Pueblo\" target=\"_top\" rel=\"noopener noreferrer\">R\u00e9servations de Vadella Pueblo<\/a> 122 m\u00e8tres.<\/li>\n<li><a href=\"https:\/blogs\/apartamento-can-miramar\/\" title=\"Apartamento Can Miramar\" target=\"_top\" rel=\"noopener noreferrer\">Location de vacances Miramar peut \u00e0 Ibiza<\/a> 128 m\u00e8tres.<\/li>\n<li><a href=\"https:\/blogs\/villa-in-cala-vadella-iv\/\" title=\"Villa in Cala Vadella IV Ibiza\" target=\"_top\" rel=\"noopener noreferrer\">Vue Villa \u00e0 Cala Vadella IV<\/a> 181 m\u00e8tres.<\/li>\n<li><a href=\"https:\/blogs\/villa-martina\/\" title=\"Villa Martina en Ibiza\" target=\"_top\" rel=\"noopener noreferrer\">Villa Martina Ibiza<\/a> 333 m\u00e8tres.<\/li>\n<li><a href=\"https:\/blogs\/villa-la-mar\/\" title=\"Villa La Mar en Ibiza\" target=\"_top\" rel=\"noopener noreferrer\">Vue sur la mer Villa<\/a> 351 m\u00e8tres.<\/li>\n<li><a href=\"https:\/blogs\/le-zen\/\" title=\"Le Zen Ibiza\" target=\"_top\" rel=\"noopener noreferrer\">Le Zen<\/a> 356 m\u00e8tres.<\/li>\n<li><a href=\"https:\/blogs\/sa-punta\/\" title=\"Sa Punta Ibiza\" target=\"_top\" rel=\"noopener noreferrer\">R\u00e9servations \u00e0 Sa Punta<\/a> 402 m\u00e8tres.<\/li>\n<li><a href=\"https:\/blogs\/villa-in-cala-vadella-xi\/\" title=\"Villa in Cala Vadella XI\" target=\"_top\" rel=\"noopener noreferrer\">R\u00e9servations \u00e0 la Villa \u00e0 Cala Vadella XI<\/a> 416 m\u00e8tres.<\/li>\n<li><a href=\"https:\/blogs\/casa-imperio\/\" title=\"Casa Imperio Ibiza\" target=\"_top\" rel=\"noopener noreferrer\">Maison de l\u2019Empire<\/a> 451 m\u00e8tres.<\/li>\n<li><a href=\"https:\/blogs\/villa-in-cala-vadella-i\/\" title=\"Villa in Cala Vadella I Ibiza\" target=\"_top\" rel=\"noopener noreferrer\">R\u00e9servations en Villa \u00e0 Cala Vadella j\u2019ai<\/a> 456 m\u00e8tres.<\/li>\n<li><a href=\"https:\/blogs\/four-bedroom-villa-in-sant-josep-de-sa-talaia-with-terrace-ii\" title=\"Four-Bedroom Villa in Sant Josep de Sa Talaia with Terrace II Ibiza\" target=\"_top\" rel=\"noopener noreferrer\">Commentaires Villa de 4 chambres \u00e0 Sant Josep de Sa Talaia avec terrasse II<\/a> 509 m\u00e8tres.<\/li>\n<\/ul>\n<p><\/span><\/p>\n","protected":false},"excerpt":{"rendered":"<p>Il peut Villiza est situ\u00e9 dans le quartier de Cala Vadella, \u00e0 environ 17,08 km du terminal de l\u2019a\u00e9roport d\u2019Ibiza. Pour acc\u00e9der \u00e0 Villiza pouvez nous vous recommandons de louer une voiture en Soloibiza. Chambres d\u2019hotes peut Villiza informations Peut Villiza Entr\u00e9e\u00a0: 14:00 Sortie\u00a0: 11:00 Situ\u00e9 \u00e0 Vista club 22 Mar, Cala Vadella, 07830 Espagne [&hellip;]<\/p>\n","protected":false},"author":1,"featured_media":27738,"comment_status":"open","ping_status":"open","sticky":false,"template":"","format":"standard","meta":{"_acf_changed":false,"footnotes":""},"categories":[1],"tags":[],"class_list":["post-27736","post","type-post","status-publish","format-standard","has-post-thumbnail","hentry","category-sin-categoria"],"acf":[],"_links":{"self":[{"href":"https:\/\/soloibiza.com\/fr\/wp-json\/wp\/v2\/posts\/27736","targetHints":{"allow":["GET"]}}],"collection":[{"href":"https:\/\/soloibiza.com\/fr\/wp-json\/wp\/v2\/posts"}],"about":[{"href":"https:\/\/soloibiza.com\/fr\/wp-json\/wp\/v2\/types\/post"}],"author":[{"embeddable":true,"href":"https:\/\/soloibiza.com\/fr\/wp-json\/wp\/v2\/users\/1"}],"replies":[{"embeddable":true,"href":"https:\/\/soloibiza.com\/fr\/wp-json\/wp\/v2\/comments?post=27736"}],"version-history":[{"count":0,"href":"https:\/\/soloibiza.com\/fr\/wp-json\/wp\/v2\/posts\/27736\/revisions"}],"wp:featuredmedia":[{"embeddable":true,"href":"https:\/\/soloibiza.com\/fr\/wp-json\/wp\/v2\/media\/27738"}],"wp:attachment":[{"href":"https:\/\/soloibiza.com\/fr\/wp-json\/wp\/v2\/media?parent=27736"}],"wp:term":[{"taxonomy":"category","embeddable":true,"href":"https:\/\/soloibiza.com\/fr\/wp-json\/wp\/v2\/categories?post=27736"},{"taxonomy":"post_tag","embeddable":true,"href":"https:\/\/soloibiza.com\/fr\/wp-json\/wp\/v2\/tags?post=27736"}],"curies":[{"name":"wp","href":"https:\/\/api.w.org\/{rel}","templated":true}]}}