{"id":7843,"date":"2016-11-13T15:18:04","date_gmt":"2016-11-13T15:18:04","guid":{"rendered":"http:\/\/ca.soloibiza.com\/?p=7843"},"modified":"2020-10-18T08:13:46","modified_gmt":"2020-10-18T06:13:46","slug":"banderes-blaves-eivissa-2012","status":"publish","type":"post","link":"https:\/\/soloibiza.com\/ca\/banderes-blaves-eivissa-2012\/","title":{"rendered":"Banderes blaves Eivissa 2012"},"content":{"rendered":"<br \/>\n<h3><img fetchpriority=\"high\" decoding=\"async\" title=\"Banderas azules Ibiza 2012\" alt=\"Banderas azules Ibiza 2012\" src=\"https:\/\/ca.soloibiza.com\/wp-content\/uploads\/banderas-azules-ibiza-2012.jpg\" height=\"379\" width=\"570\"><\/h3>\n<p><strong lang=\"ca\">Banderes blaves Eivissa 2012<\/strong><\/p>\n<p lang=\"ca\">Podeu trobar una versi\u00f3 actualitzada en <a title=\"Banderas azules Ibiza 2013\" href=\"https:\/blogs\/banderas-azules-ibiza-2013\/\" target=\"_top\" rel=\"noopener noreferrer\">blau a Eivissa 2013 banderes<\/a><\/p>\n<p><font lang=\"ca\">Ja tenim llista de banderes blaves aquest any <a href=\"https:\/\" target=\"_top\" rel=\"noopener noreferrer\">2012 a Eivissa<\/a>. <font lang=\"ca\">En total hi ha hagut onze platges guardonats amb aquesta distinci\u00f3. <font lang=\"ca\">Van ser platges accessibles a tots, mantenir i supervisar que els han dividit entre tres municipis.<\/p>\n<h2 lang=\"ca\">Requisits per a les banderes blaves d&#8217;Eivissa 2012<\/h2>\n<p><font lang=\"ca\">La pres\u00e8ncia d&#8217;aquesta bandera assegura una s\u00e8rie de requisits que es reunir\u00e0, incloent-hi l&#8217;aigua potable, dutxes i banys sense detergents, aigua neta i provat amb regularitat, serveis de neteja, vigil\u00e0ncia, salvament, primers auxilis i primers auxilis. <font lang=\"ca\">Tamb\u00e9 no van ser permetien c\u00e0mping incontrolada, la pres\u00e8ncia d&#8217;animals dom\u00e8stics o l&#8217;entrada de vehicles.<\/p>\n<h3 lang=\"ca\">Platges amb banderes blaves a Sant Josep Eivissa<\/h3>\n<p lang=\"ca\">La costa oest de l&#8217;illa ha estat la que ha rebut m\u00e9s distincions, sis en total, molt dispersos dins del municipi.<\/p>\n<p><font lang=\"ca\"><a title=\"Cala Bassa Bandera azul\" href=\"https:\/cala-bassa\/\" target=\"_top\" rel=\"noopener noreferrer\">Cala Bassa<\/a> <font lang=\"ca\">Una de les raons per la qual aquesta platja no admet c\u00e0mping es troba en pres\u00e8ncia d&#8217;un c\u00e0mping a la vora. <font lang=\"ca\">Remot dels nuclis urbans, que aquesta platja es defineix com la fam\u00edlia, molt ampli i de poc risc. <font lang=\"ca\">Una platja de tenir en compte<\/p>\n<p><font lang=\"ca\"><a title=\"Ses Salines\" href=\"https:\/las-salinas\/\" target=\"_top\" rel=\"noopener noreferrer\">Ses Salines<\/a> <font lang=\"ca\">Coneguda com la platja m\u00e9s famosa cases per metre quadrat. <font lang=\"ca\">Tamb\u00e9 \u00e9s una de les platges que m\u00e9s aflu\u00e8ncia de visitants que rep amb una incre\u00efble <a href=\"https:\/blogs\/category\/formentera\/\" target=\"_top\" rel=\"noopener noreferrer\">vista a Formentera<\/a>. <font lang=\"ca\">Mentre tot el m\u00f3n s&#8217;acumula a la platja principal, Ses Salines mant\u00e9 seus racons m\u00e9s bells en ells extrems.<\/p>\n<p><font lang=\"ca\"><a title=\"Cala D'Hort\" href=\"https:\/cala-dhort\/\" target=\"_top\" rel=\"noopener noreferrer\">Cala d&#8217;hort<\/a> <font lang=\"ca\">Aix\u00f2 no \u00e9s una platja. <font lang=\"ca\">\u00c9s un punt de vista. <font lang=\"ca\">Amb vista sobre la reserva natural des Vedr\u00e0 i Es Vedranell, dos illots llegendaris, Cala D&#8217;hort \u00e9s una de les platges m\u00e9s m\u00e0gics de la costa eivissenca.<\/p>\n<p><font lang=\"ca\"><a title=\"Cala Vedella\" href=\"https:\/cala-vadella\/\" target=\"_top\" rel=\"noopener noreferrer\">Cala Vedella<\/a> <font lang=\"ca\">O Cala Vadella. <font lang=\"ca\">Una cala espectacular, tant en les vistes que ofereix com en el moment de gaudir-ne. <font lang=\"ca\">No \u00e9s una cala molt llarga per\u00f2 mant\u00e9 racons d&#8217;una bellesa especial.<\/p>\n<p><font lang=\"ca\"><a title=\"Port des Torrent\" href=\"https:\/port-des-torrent\/\" target=\"_top\" rel=\"noopener noreferrer\">Port des Torrent<\/a> <font lang=\"ca\">Som una petita cala molt protegida al nord del municipi de Sant Josep. <font lang=\"ca\">-Les petites plataformes que envolten la cala que es convertir en un lloc ideal per a que no els agrada tant de la sorra i prefereix prendre el sol (o l&#8217;ombra) en la roca.<\/p>\n<p><font lang=\"ca\"><a title=\"Playas de Sant Antoni\" href=\"https:\/playas-calas-ibiza\/playas-de-san-antonio\/\" target=\"_top\" rel=\"noopener noreferrer\">PINET<\/a> <font lang=\"ca\">Aquesta platja pertany a la badia de Sant Antoni, vorejant el seu nucli urb\u00e0. <font lang=\"ca\">\u00c9s un d&#8217;ells petites platges en que \u00e9s va acabar dividint Arenal, la platja principal d&#8217;aquest municipi. <font lang=\"ca\">Seva extensi\u00f3 amb prou feines arriba a 30 metres i normalment est\u00e0 ocupat per turistes allotjats a l&#8217;hotel principal.<\/p>\n<h3 lang=\"ca\">Platges amb banderes blaves a Eul\u00e0lia des Riu-Ibiza<\/h3>\n<p><font lang=\"ca\"><a title=\"Cala Llenya\" href=\"https:\/cala-llenya\/\" target=\"_top\" rel=\"noopener noreferrer\">Cala Llenya<\/a> <font lang=\"ca\">Situat al nord de la coneguda es Canar, la platja de Cala Llenya destaca pel seu gran arenal i un litoral envoltat de pinedes. <font lang=\"ca\">Presumeix de tranquil\u00b7litat platja on gaudir en fam\u00edlia<\/p>\n<p><font lang=\"ca\"><a title=\"Santa Eulalia\" href=\"https:\/playa-santa-eulalia\/\" target=\"_top\" rel=\"noopener noreferrer\">Santa Eul\u00e0lia<\/a> <font lang=\"ca\">Probablement una de les millors platges urbanes que podem trobar a l&#8217;illa. <font lang=\"ca\">Est\u00e0 situat al llarg del passeig mar\u00edtim de la ciutat, molt ocupat. <font lang=\"ca\">La qualitat i quantitat dels serveis que ofereix es desenvolupen en un lloc molt visitat.<\/p>\n<p><font lang=\"ca\"><a title=\"Cala Llonga\" href=\"https:\/cala-llonga\/\" target=\"_top\" rel=\"noopener noreferrer\">Cala Llonga<\/a> <font lang=\"ca\">Una cala amb un curi\u00f3s estampat blau produ\u00eft per para que decoren la sorra. <font lang=\"ca\">Les seves aig\u00fces s\u00f3n d&#8217;un blau intens gr\u00e0cies a la tranquil \u2022 litat que ofereix una cala molt profund. <font lang=\"ca\">Situat en un dels principals llocs de turisme resta, Cala Llonga proporciona una gran extensi\u00f3 de sorra i tots els serveis per a unes bones vacances.<\/p>\n<p><font lang=\"ca\"><a title=\"Es Riu\" href=\"https:\/rio-de-santa-eulalia\/\" target=\"_top\" rel=\"noopener noreferrer\">Playa del Riu<\/a> <font lang=\"ca\">\u00c9s la continuaci\u00f3 de la platja de Santa Eul\u00e0lia, amb la peculiaritat de que acaba a la boca del riu \u00fanica de Illes Balears. <font lang=\"ca\">Amb menys pres\u00e8ncia de p\u00fablic que el seu predecessor, \u00e9s Riu \u00e9s ha desenvolupat en un lloc destinat a la resta.<\/p>\n<h3 lang=\"ca\">Platges amb banderes blaves a Sant Antoni Eivissa<\/h3>\n<p><font lang=\"ca\"><a title=\"Playa de Sant Antoni o S'Arenal\" href=\"https:\/san-antonio-sarenal\/\" target=\"_top\" rel=\"noopener noreferrer\">Playa de Sant Antoni<\/a>. <font lang=\"ca\">El nom oficial \u00e9s platja de S&#8217;Arenal amb el nom que aquest premi s&#8217;ha obtingut, per\u00f2 \u00e9s la p\u00f3lvora. <font lang=\"ca\">Una zona que ha experimentat canvis importants en els darrers anys i ha anat a les \u00e0rees protegides de la coberta de vegetaci\u00f3. <font lang=\"ca\">Una platja recuperat que fa honor a la bandera blava.<\/p>\n<p><font lang=\"ca\">Fins aqu\u00ed la llista de platges amb banderes blaves Eivissa 2012. <font lang=\"ca\">Podeu veure el llistat complet a la nostra guia de <a title=\"Playas de Ibiza\" href=\"https:\/playas-calas-ibiza\/\" target=\"_top\" rel=\"noopener noreferrer\">platges d&#8217;Eivissa<\/a>.<\/p>\n<p>\u00a0<\/p>\n","protected":false},"excerpt":{"rendered":"<p>Banderes blaves Eivissa 2012 Podeu trobar una versi\u00f3 actualitzada en blau a Eivissa 2013 banderes Ja tenim llista de banderes blaves aquest any 2012 a Eivissa. En total hi ha hagut onze platges guardonats amb aquesta distinci\u00f3. Van ser platges accessibles a tots, mantenir i supervisar que els han dividit entre tres municipis. Requisits per [&hellip;]<\/p>\n","protected":false},"author":1,"featured_media":0,"comment_status":"open","ping_status":"open","sticky":false,"template":"","format":"standard","meta":{"_acf_changed":false,"footnotes":""},"categories":[387,423],"tags":[],"class_list":["post-7843","post","type-post","status-publish","format-standard","hentry","category-eivissa","category-platges-i-cales"],"acf":[],"_links":{"self":[{"href":"https:\/\/soloibiza.com\/ca\/wp-json\/wp\/v2\/posts\/7843","targetHints":{"allow":["GET"]}}],"collection":[{"href":"https:\/\/soloibiza.com\/ca\/wp-json\/wp\/v2\/posts"}],"about":[{"href":"https:\/\/soloibiza.com\/ca\/wp-json\/wp\/v2\/types\/post"}],"author":[{"embeddable":true,"href":"https:\/\/soloibiza.com\/ca\/wp-json\/wp\/v2\/users\/1"}],"replies":[{"embeddable":true,"href":"https:\/\/soloibiza.com\/ca\/wp-json\/wp\/v2\/comments?post=7843"}],"version-history":[{"count":0,"href":"https:\/\/soloibiza.com\/ca\/wp-json\/wp\/v2\/posts\/7843\/revisions"}],"wp:attachment":[{"href":"https:\/\/soloibiza.com\/ca\/wp-json\/wp\/v2\/media?parent=7843"}],"wp:term":[{"taxonomy":"category","embeddable":true,"href":"https:\/\/soloibiza.com\/ca\/wp-json\/wp\/v2\/categories?post=7843"},{"taxonomy":"post_tag","embeddable":true,"href":"https:\/\/soloibiza.com\/ca\/wp-json\/wp\/v2\/tags?post=7843"}],"curies":[{"name":"wp","href":"https:\/\/api.w.org\/{rel}","templated":true}]}}