{"id":7282,"date":"2016-11-13T13:01:18","date_gmt":"2016-11-13T13:01:18","guid":{"rendered":"http:\/\/ca.soloibiza.com\/?p=7282"},"modified":"2020-10-31T16:43:45","modified_gmt":"2020-10-31T15:43:45","slug":"estiu-2011-ibiza","status":"publish","type":"post","link":"https:\/\/soloibiza.com\/ca\/estiu-2011-ibiza\/","title":{"rendered":"Estiu 2011 &#8211; Ibiza"},"content":{"rendered":"\n<p><strong><img decoding=\"async\" title=\"ibiza-2011\" alt=\"Ibiza 2011\" srcset=\"http:\/\/soloibiza.com\/wp-content\/uploads\/2011\/06\/ibiza-2011.jpg 570w, http:\/\/soloibiza.com\/wp-content\/uploads\/2011\/06\/ibiza-2011-300x168.jpg 300w\" sizes=\"(max-width: 570px) 100vw, 570px\" src=\"https:\/\/soloibiza.s3.amazonaws.com\/wp-content\/uploads\/2011\/06\/ibiza-2011.jpg\"><\/strong><\/p>\n<p><strong lang=\"ca\">Eivissa 2011<\/strong><\/p>\n<p><font lang=\"ca\">Ha arribat l&#8217;estiu i ens preparem per gaudir m\u00e9s aut\u00e8ntic  en un any que promet. <font lang=\"ca\">Us presentem algunes de les activitats que pot realitzar durant les vostres vacances.<\/p>\n<h2 lang=\"ca\">Lloguer de cotxes per les seves vacances a Eivissa 2011<\/h2>\n<p><font lang=\"ca\">No et sembla. <font lang=\"ca\">Si teniu la possibilitat de llogar un cotxe a Eivissa que asseguren que \u00e9s la millor inversi\u00f3 que pot realitzar. <font lang=\"ca\">Les cales m\u00e9s apartada i solitari no s\u00f3n accessibles en autob\u00fas. <font lang=\"ca\">Desplaceu cap avall per veure la posta de sol al Caf\u00e9 del Mar Cala D&#8217;hort pot durar hores, o el sol no s&#8217;esperava tant. <font lang=\"ca\">Si no teniu un vehicle et recomanem el nostre motor de cerca de <a title=\"Alquiler coches Ibiza\" href=\"https:\/\/alquilercochesibiza.soloibiza.com\/\" target=\"_top\" rel=\"noopener noreferrer\">lloguer de cotxes a Eivissa<\/a>.<\/p>\n<h2 lang=\"ca\">Triar bon allotjament<\/h2>\n<p><font lang=\"ca\">Ull amb les ofertes inconcebible. <font lang=\"ca\">Si no voleu portar sorpreses \u00fas responsable. <font lang=\"ca\">Compareu el tipus d&#8217;hotel amb la zona on ens allotjarem. <font lang=\"ca\">Si el preu \u00e9s barat, sobretot, alguna cosa hauria de passar. <font lang=\"ca\">Recordeu tamb\u00e9 que s\u00f3n les seves prefer\u00e8ncies en el moment d&#8217;escollir el seu lloc de descans. <font lang=\"ca\">Si com dormir per les nits, de les \u00e0rees de la nit de l&#8217;entorn. <font lang=\"ca\">Si ets de la qual sembla viure nit per aturar, busca un lloc a prop o amb bon acc\u00e9s a la discoteca a qu\u00e8 pensen acabar el seu hores de diversi\u00f3.<\/p>\n<h2 lang=\"ca\">Cerca per al seu platges o cales abans d&#8217;arribar.<\/h2>\n<p><font lang=\"ca\">Visitar totes les cales ser\u00e0 gaireb\u00e9 impossibles. <font lang=\"ca\">Seleccioneu el tipus de medi ambient que esper\u00e0veu trobar abans de salt al cotxe. <font lang=\"ca\">Si que vost\u00e8 anhela entorns m\u00e9s tranquil fugir de les zones urbanes. <font lang=\"ca\">Les cales m\u00e9s petites s\u00f3n ideals per gaudir de la tranquil\u00b7litat. <font lang=\"ca\">Si ets dels qui agrada el medi ambient i l&#8217;esport, mentre m\u00e9s proper als centres urbans, tant millor. <font lang=\"ca\">Per gaudir de bars musicals, Playa d&#8217; Bossa o Cala Jondal si no vol les multituds. <font lang=\"ca\">Trobar famosa a mogollon, les salines. <font lang=\"ca\">Si vost\u00e8 prefereix veure&#8217;ls en la intimitat, segueix la costa i busca una embarcaci\u00f3 fondejada.<\/p>\n<h3 lang=\"ca\">Platges d&#8217;Eivissa 2011<\/h3>\n<p lang=\"ca\">Recorda que l&#8217;arribada a l&#8217;illa, si tenen un dispositiu m\u00f2bil amb connexi\u00f3 a internet, nom\u00e9s t\u00e9 que introduir en ella p\u00e0gina de qualsevol platja i el nostre sistema de geocalizacion li mostrar\u00e0 el cam\u00ed per arribar a la platja que heu seleccionat.<\/p>\n<h2 lang=\"ca\">Discoteques a Eivissa 2011<\/h2>\n<p><font lang=\"ca\">Una nit en una de les grans discoteques d&#8217;Eivissa no \u00e9s un partit qualsevol. <font lang=\"ca\">Els espectacles que adornen la nit Ibiza s\u00f3n m\u00e9s semblants a un concert que omplien l&#8217;aforament. <font lang=\"ca\">Nits realment inoblidables i que supera totes les expectatives. <font lang=\"ca\"><strong>F * jo s\u00f3c famosa \u00e9s de bon tros l&#8217;estrella de <em>Eivissa 2011<\/em><\/strong>. <font lang=\"ca\">David Guetta porta escombrat de la seva posada en escena i aconseguir una entrada comen\u00e7a a ser gaireb\u00e9 un miracle. <font lang=\"ca\">Cal preveure i realitzar la seva compra en l\u00ednia i antelaci\u00f3. <font lang=\"ca\">Si no trobes entrades <a title=\"Entradas discotecas Ibiza\" href=\"https:\/mejores-discotecas-de-ibiza-y-fiestas\/\" target=\"_top\" rel=\"noopener noreferrer\">discoteques d&#8217;Eivissa entrades<\/a> en no importa que vost\u00e8 seguir buscant.<\/p>\n<h2 lang=\"ca\">Turisme a Eivissa 2011<\/h2>\n<p><font lang=\"ca\">I ja que ens visitis, no us oblideu que som patrimoni de la humanitat. <font lang=\"ca\">La ciutat emmurallada de Dalt Vila ofereix racons plens d&#8217;hist\u00f2ries i llegendes. <font lang=\"ca\">Si us agrada el turisme cultural, trobareu la nostra guia museus i exposicions que no nom\u00e9s hi ha a la ciutat d&#8217;Eivissa, per\u00f2 tota l&#8217;illa.<\/p>\n<p><font lang=\"ca\">Si ets amant dels grans paisatges, estan en el lloc correcte. <font lang=\"ca\">Cerca les nostres torres de defensa. <font lang=\"ca\">Ells dominat les seccions litorals m\u00e9s amples i ofereixen unes vistes realment incre\u00efbles. <font lang=\"ca\">No et pots perdre el punt de Sa Pedrera. <font lang=\"ca\">Les vistes de Es Vedr\u00e0 s\u00f3n fant\u00e0stics.<\/p>\n<p lang=\"ca\">Si voleu prendre el seu viatge per trobar un lloc per organitzar el casament perfecte, les esgl\u00e9sies d&#8217;Eivissa, amb les parets blanques rentats, oferir espais de somni.<\/p>\n<p><font lang=\"ca\">A la nostra web trobareu no nom\u00e9s les millors ofertes, tamb\u00e9 algunes utilitats que li ser\u00e0 de molta ajuda. <font lang=\"ca\">Imprimir el mapa d&#8217;Eivissa amb els teus llocs favorits o comprovar el cost de un taxi a Eivissa del seu lloc d&#8217;arribada. <font lang=\"ca\"><strong>Gaudir el teu estiu a Eivissa 2011<\/strong><\/p>\n","protected":false},"excerpt":{"rendered":"<p>Eivissa 2011 Ha arribat l&#8217;estiu i ens preparem per gaudir m\u00e9s aut\u00e8ntic en un any que promet. Us presentem algunes de les activitats que pot realitzar durant les vostres vacances. Lloguer de cotxes per les seves vacances a Eivissa 2011 No et sembla. Si teniu la possibilitat de llogar un cotxe a Eivissa que asseguren [&hellip;]<\/p>\n","protected":false},"author":1,"featured_media":0,"comment_status":"open","ping_status":"open","sticky":false,"template":"","format":"standard","meta":{"_acf_changed":false,"footnotes":""},"categories":[387],"tags":[],"class_list":["post-7282","post","type-post","status-publish","format-standard","hentry","category-eivissa"],"acf":[],"_links":{"self":[{"href":"https:\/\/soloibiza.com\/ca\/wp-json\/wp\/v2\/posts\/7282","targetHints":{"allow":["GET"]}}],"collection":[{"href":"https:\/\/soloibiza.com\/ca\/wp-json\/wp\/v2\/posts"}],"about":[{"href":"https:\/\/soloibiza.com\/ca\/wp-json\/wp\/v2\/types\/post"}],"author":[{"embeddable":true,"href":"https:\/\/soloibiza.com\/ca\/wp-json\/wp\/v2\/users\/1"}],"replies":[{"embeddable":true,"href":"https:\/\/soloibiza.com\/ca\/wp-json\/wp\/v2\/comments?post=7282"}],"version-history":[{"count":1,"href":"https:\/\/soloibiza.com\/ca\/wp-json\/wp\/v2\/posts\/7282\/revisions"}],"predecessor-version":[{"id":67130,"href":"https:\/\/soloibiza.com\/ca\/wp-json\/wp\/v2\/posts\/7282\/revisions\/67130"}],"wp:attachment":[{"href":"https:\/\/soloibiza.com\/ca\/wp-json\/wp\/v2\/media?parent=7282"}],"wp:term":[{"taxonomy":"category","embeddable":true,"href":"https:\/\/soloibiza.com\/ca\/wp-json\/wp\/v2\/categories?post=7282"},{"taxonomy":"post_tag","embeddable":true,"href":"https:\/\/soloibiza.com\/ca\/wp-json\/wp\/v2\/tags?post=7282"}],"curies":[{"name":"wp","href":"https:\/\/api.w.org\/{rel}","templated":true}]}}