{"id":7232,"date":"2016-11-13T12:50:44","date_gmt":"2016-11-13T12:50:44","guid":{"rendered":"http:\/\/ca.soloibiza.com\/?p=7232"},"modified":"2016-11-14T10:37:15","modified_gmt":"2016-11-14T10:37:15","slug":"capelleta-d-serra-ibiza","status":"publish","type":"post","link":"https:\/\/soloibiza.com\/ca\/capelleta-d-serra-ibiza\/","title":{"rendered":"Capelleta d &#8216; en Serra Ibiza"},"content":{"rendered":"\n<p><em><img fetchpriority=\"high\" decoding=\"async\" title=\"capella-d-en-serra\" alt=\"Capelleta d'en Serra\" srcset=\"http:\/\/soloibiza.com\/wp-content\/uploads\/2011\/05\/capella-d-en-serra.jpg 570w, http:\/\/soloibiza.com\/wp-content\/uploads\/2011\/05\/capella-d-en-serra-300x158.jpg 300w\" sizes=\"(max-width: 570px) 100vw, 570px\" src=\"https:\/\/soloibiza.s3.amazonaws.com\/wp-content\/uploads\/2011\/05\/capella-d-en-serra.jpg\" height=\"302\" width=\"570\"><\/em><\/p>\n<p><em lang=\"ca\">Capelleta d&#8217; Serra<\/em><\/p>\n<p><font lang=\"ca\">US Porto un d&#8217;ells llocs m\u00e9s singular de la mateixa <a href=\"https:\/\" target=\"_top\">Ibiza profund<\/a>. <font lang=\"ca\">No importa el seu creences religioses, aix\u00ed nom\u00e9s necessita un bon parell de potes i desig de contemplar una de les millors vistes sobre ells Salines que podeu trobar a l&#8217;illa d&#8217;Eivissa. <font lang=\"ca\">El lloc escollit, la <\/p>\n<h2 lang=\"ca\">Arribant a la Capelleta d&#8217; Serra<\/h2>\n<p><font lang=\"ca\"><strong>Capelleta d&#8217; Serra<\/strong> est\u00e0 situat a poca dist\u00e0ncia de la ciutat de Sant Josep, a la Serra aix\u00f2. <font lang=\"ca\">Per arribar a la base de la petita muntanya que hem de pujar, haurem de prendre un petit desviament a l&#8217;esquerra, situat a la sortida de Sant Josep en la direcci\u00f3 de l&#8217;aeroport. <font lang=\"ca\">Despr\u00e9s de deixar la carretera principal ens entra per un cam\u00ed de terra que envolta \u00e9s muntanyes. <font lang=\"ca\">Despr\u00e9s de rec\u00f3rrer els cinc quil\u00f2metres la carretera \u00e9s extrems i cal deixar el cotxe davant algunes escales.<\/p>\n<p><font lang=\"ca\">La rampa \u00e9s l&#8217;\u00fanica carretera asfaltada que ens arribar\u00e0 la capella. <font lang=\"ca\">Seu ascens es fa una mica pesada, per\u00f2 val la pena. <font lang=\"ca\">A partir d&#8217;aquest punt seguim el cam\u00ed que U.S. condueix directament a la capelleta d &#8216; en Serra. <font lang=\"ca\">Uns metres abans, trobem una roca curiosa espai forjat per a la Missa que es celebrava a la process\u00f3 de la capella. <font lang=\"ca\">Aqu\u00ed trobem les primeres vistes de <a href=\"https:\/blogs\/category\/formentera\/\" target=\"_top\">les mines de sal i Formentera<\/a>. <font lang=\"ca\">Despr\u00e9s d&#8217;un breu descans, pot continuar fins a la capella, la porta es trobava oberta durant tot l&#8217;any.<\/p>\n<h3 lang=\"ca\">La petita Capelleta d&#8217; Serra i el seus punts de vista<\/h3>\n<p><font lang=\"ca\">La capella \u00e9s un edifici petit recents principis del segle XX. <font lang=\"ca\">Una habitaci\u00f3 individual a l&#8217;estranger coronada per una creu sota quina mentida les inicials V i S. <font lang=\"ca\">Si vost\u00e8 pregunta el seu significat, \u00e9s ben simple. <font lang=\"ca\">Vicente Serra era seu constructor, i, d&#8217;acord amb reza en l&#8217;escrit que es troba en l&#8217;interior, Vicente Serra era un pag\u00e8s que van acudir a la guerra d&#8217;Alger. <font lang=\"ca\">Abans de comen\u00e7ar el seu viatge es va comprometre a aixecar la capella si tornar amb vida. <font lang=\"ca\">Despr\u00e9s de tornar de la guerra, va plantejar aquest lloc de peregrinaci\u00f3 encara fracassava a veure la seva obertura cinc dies abans de morir. <font lang=\"ca\">Encara que segur que va gaudir de la vista magn\u00edfica que ofereix l&#8217;ermita a trav\u00e9s de la Serra de Sant Josep, coberta de pinedes, sal i Formentera.<\/p>\n<p lang=\"ca\">Com sempre, podeu trobar m\u00e9s informaci\u00f3, fotografies i mapa de nostra pestanya de <a title=\"Capelleta d'en Serra\" href=\"https:\/guia-de-turismo-de-ibiza-cultural-y-natural\/guia-turismo-sant-josep-ibiza\/capelleta-den-serra\/\" target=\"_top\">Capelleta d&#8217; Serra<\/a><\/p>\n","protected":false},"excerpt":{"rendered":"<p>Capelleta d&#8217; Serra US Porto un d&#8217;ells llocs m\u00e9s singular de la mateixa Ibiza profund. No importa el seu creences religioses, aix\u00ed nom\u00e9s necessita un bon parell de potes i desig de contemplar una de les millors vistes sobre ells Salines que podeu trobar a l&#8217;illa d&#8217;Eivissa. El lloc escollit, la Arribant a la Capelleta [&hellip;]<\/p>\n","protected":false},"author":1,"featured_media":8718,"comment_status":"open","ping_status":"open","sticky":false,"template":"","format":"standard","meta":{"_acf_changed":false,"footnotes":""},"categories":[414],"tags":[],"class_list":["post-7232","post","type-post","status-publish","format-standard","has-post-thumbnail","hentry","category-turisme-i-cultura"],"acf":[],"_links":{"self":[{"href":"https:\/\/soloibiza.com\/ca\/wp-json\/wp\/v2\/posts\/7232","targetHints":{"allow":["GET"]}}],"collection":[{"href":"https:\/\/soloibiza.com\/ca\/wp-json\/wp\/v2\/posts"}],"about":[{"href":"https:\/\/soloibiza.com\/ca\/wp-json\/wp\/v2\/types\/post"}],"author":[{"embeddable":true,"href":"https:\/\/soloibiza.com\/ca\/wp-json\/wp\/v2\/users\/1"}],"replies":[{"embeddable":true,"href":"https:\/\/soloibiza.com\/ca\/wp-json\/wp\/v2\/comments?post=7232"}],"version-history":[{"count":0,"href":"https:\/\/soloibiza.com\/ca\/wp-json\/wp\/v2\/posts\/7232\/revisions"}],"wp:featuredmedia":[{"embeddable":true,"href":"https:\/\/soloibiza.com\/ca\/wp-json\/wp\/v2\/media\/8718"}],"wp:attachment":[{"href":"https:\/\/soloibiza.com\/ca\/wp-json\/wp\/v2\/media?parent=7232"}],"wp:term":[{"taxonomy":"category","embeddable":true,"href":"https:\/\/soloibiza.com\/ca\/wp-json\/wp\/v2\/categories?post=7232"},{"taxonomy":"post_tag","embeddable":true,"href":"https:\/\/soloibiza.com\/ca\/wp-json\/wp\/v2\/tags?post=7232"}],"curies":[{"name":"wp","href":"https:\/\/api.w.org\/{rel}","templated":true}]}}