{"id":5371,"date":"2016-11-12T10:04:27","date_gmt":"2016-11-12T10:04:27","guid":{"rendered":"http:\/\/ca.soloibiza.com\/?p=5371"},"modified":"2016-11-14T08:38:34","modified_gmt":"2016-11-14T08:38:34","slug":"catedral-deivissa","status":"publish","type":"post","link":"https:\/\/soloibiza.com\/ca\/catedral-deivissa\/","title":{"rendered":"Catedral d&#8217;Eivissa"},"content":{"rendered":"\n<p><img decoding=\"async\" title=\"catedral-de-ibiza\" alt=\"Catedral de Ibiza\" srcset=\"http:\/\/soloibiza.com\/wp-content\/uploads\/2011\/03\/catedral-de-ibiza3.jpg 456w, http:\/\/soloibiza.com\/wp-content\/uploads\/2011\/03\/catedral-de-ibiza3-300x196.jpg 300w\" sizes=\"(max-width: 456px) 100vw, 456px\" src=\"https:\/\/soloibiza.s3.amazonaws.com\/wp-content\/uploads\/2011\/03\/catedral-de-ibiza3.jpg\"><\/p>\n<h2 lang=\"ca\">Ibiza des de les altures<\/h2>\n<p><font lang=\"ca\">Sempre que surto a <a title=\"Ibiza\" href=\"https:\/\" target=\"_top\">Eivissa<\/a>, la primera refer\u00e8ncia visual que trobo, vaixell o en avi\u00f3, \u00e9s la que regna sobre la <strong>catedral<\/strong> de ciutat. <font lang=\"ca\">Si baixant de Sant Antoni, Santa Eul\u00e0ria, o de l&#8217;aeroport, un mira cap amunt i no hi \u00e9s. <font lang=\"ca\">En la dist\u00e0ncia. <font lang=\"ca\">I de seguida, perqu\u00e8 de vegades \u00e9s m\u00e9s una q\u00fcesti\u00f3 de fe que de les cames.<\/p>\n<p><font lang=\"ca\">Fins que ella en silenci pot agafar el cotxe, desaparcarlo, donar una mica (el cotxe) i tornar-lo al parc. <font lang=\"ca\">No arribar\u00e0 a la catedral, per\u00f2 es sentir\u00e0 com un m\u00e9s resident. <font lang=\"ca\">Abordar tot que el possible a la paret. <font lang=\"ca\">Des del passeig de Vara de Rey, vost\u00e8 pot prendre un minibus que et portar\u00e0 a l&#8217;Ajuntament. <font lang=\"ca\">Vost\u00e8 pot prendre si resulta i sabem que el temps passa. <font lang=\"ca\">\u00c9s blanca i t\u00e9 un petit cartell a la porta del darrere. <font lang=\"ca\">Surt cada mitja hora. <font lang=\"ca\">O que tenen t\u00edtols.<\/p>\n<p><font lang=\"ca\">L&#8217;arribada a la catedral no t\u00e9 p\u00e8rdua. <font lang=\"ca\">Costa amunt. <font lang=\"ca\">Parada en el cam\u00ed per fer fotos i comprar alguna cosa en el convent de les monges. <font lang=\"ca\">Les postres s\u00f3n molt bones. <font lang=\"ca\">Continuem pujant perqu\u00e8 el cam\u00ed no t\u00e9 p\u00e8rdua. <font lang=\"ca\">Quan arribeu a la pla\u00e7a major, hi trobareu la casa de la C\u00faria i el Museu Arqueol\u00f2gic. <font lang=\"ca\">\u00c9s el moment de creuar-lo. <font lang=\"ca\">No perqu\u00e8 estem davant d&#8217;un edifici de llegenda, no. <font lang=\"ca\">La catedral t\u00e9 un horari que ja \u00e9s un oficial volia. <font lang=\"ca\">No importa el que diu el signe. <font lang=\"ca\">He pujat un dissabte a les nou del mat\u00ed al mat\u00ed i he estat avorrit. <font lang=\"ca\">Anar el diumenge. <font lang=\"ca\">Passar el raspall.<\/p>\n<p><font lang=\"ca\">Pel que fa a l&#8217;edifici, la seva hist\u00f2ria es remunta a la conquesta catalana. <font lang=\"ca\">No es va constituir <a title=\"Catedral de Ibiza\" href=\"https:\/guia-de-turismo-de-ibiza-cultural-y-natural\/guia-de-turismo-de-la-ciudad-de-ibiza\/catedral-de-ibiza\/\" target=\"_top\">Catedral d&#8217;Eivissa<\/a> fins a mil vuit cents disset. <font lang=\"ca\">\u00c9s un gran temple en comparaci\u00f3 amb la poblaci\u00f3 de l&#8217;illa. <font lang=\"ca\">Pistes enormes que precedeixen fan encara m\u00e9s gran l&#8217;obra immensa de construcci\u00f3 i reconstrucci\u00f3 que s&#8217;ha sotm\u00e8s.<\/p>\n<p><font lang=\"ca\">Encara dins del Museu Dioces\u00e0, el que m\u00e9s cridar\u00e0 la atenci\u00f3 \u00e9s la figura de la tomba de Crist i l&#8217;altar de Santa Maria, estranyament il\u00b7luminat. <font lang=\"ca\">Els vitralls, encara que recents, donar un vaixell llum especial.<\/p>\n<p><font lang=\"ca\">Si no t\u00e9 l&#8217;oportunitat de visitar-lo, com a m\u00ednim, quedar-se amb les imatges que podeu agafar si vost\u00e8 camina a trav\u00e9s de l&#8217;\u00e0rea del campanar. <font lang=\"ca\">Costa, mar i infinit.<\/p>\n","protected":false},"excerpt":{"rendered":"<p>Ibiza des de les altures Sempre que surto a Eivissa, la primera refer\u00e8ncia visual que trobo, vaixell o en avi\u00f3, \u00e9s la que regna sobre la catedral de ciutat. Si baixant de Sant Antoni, Santa Eul\u00e0ria, o de l&#8217;aeroport, un mira cap amunt i no hi \u00e9s. En la dist\u00e0ncia. I de seguida, perqu\u00e8 de [&hellip;]<\/p>\n","protected":false},"author":1,"featured_media":8578,"comment_status":"open","ping_status":"open","sticky":false,"template":"","format":"standard","meta":{"_acf_changed":false,"footnotes":""},"categories":[387],"tags":[],"class_list":["post-5371","post","type-post","status-publish","format-standard","has-post-thumbnail","hentry","category-eivissa"],"acf":[],"_links":{"self":[{"href":"https:\/\/soloibiza.com\/ca\/wp-json\/wp\/v2\/posts\/5371","targetHints":{"allow":["GET"]}}],"collection":[{"href":"https:\/\/soloibiza.com\/ca\/wp-json\/wp\/v2\/posts"}],"about":[{"href":"https:\/\/soloibiza.com\/ca\/wp-json\/wp\/v2\/types\/post"}],"author":[{"embeddable":true,"href":"https:\/\/soloibiza.com\/ca\/wp-json\/wp\/v2\/users\/1"}],"replies":[{"embeddable":true,"href":"https:\/\/soloibiza.com\/ca\/wp-json\/wp\/v2\/comments?post=5371"}],"version-history":[{"count":0,"href":"https:\/\/soloibiza.com\/ca\/wp-json\/wp\/v2\/posts\/5371\/revisions"}],"wp:featuredmedia":[{"embeddable":true,"href":"https:\/\/soloibiza.com\/ca\/wp-json\/wp\/v2\/media\/8578"}],"wp:attachment":[{"href":"https:\/\/soloibiza.com\/ca\/wp-json\/wp\/v2\/media?parent=5371"}],"wp:term":[{"taxonomy":"category","embeddable":true,"href":"https:\/\/soloibiza.com\/ca\/wp-json\/wp\/v2\/categories?post=5371"},{"taxonomy":"post_tag","embeddable":true,"href":"https:\/\/soloibiza.com\/ca\/wp-json\/wp\/v2\/tags?post=5371"}],"curies":[{"name":"wp","href":"https:\/\/api.w.org\/{rel}","templated":true}]}}