{"id":40110,"date":"2017-06-23T10:14:32","date_gmt":"2017-06-23T09:14:32","guid":{"rendered":"https:\/?p=40110\/"},"modified":"2020-10-17T19:41:47","modified_gmt":"2020-10-17T17:41:47","slug":"hostal-cala-salada-san-antonio-ibiza-opiniones-reserva","status":"publish","type":"post","link":"https:\/\/soloibiza.com\/ca\/hostal-cala-salada-san-antonio-ibiza-opiniones-reserva\/","title":{"rendered":"Hostal Cala Salada a Sant Antoni (Eivissa), opinions i reserva"},"content":{"rendered":"\n<div id=\"hotel\">\n<p><font lang=\"ca\">Cala Salada es troba lloc a la zona de <b>San Antonio<\/b>, a 16.68 km de terminal de l&#8217;aeroport d&#8217;Eivissa. <font lang=\"ca\">Lloguer de cotxes a Eivissa Eivissa nom\u00e9s recomanem arribar a Cala Salada.<\/p>\n<h2 class=\"claro\" lang=\"ca\">Informaci\u00f3 Hostal Cala Salada<\/h2>\n<div itemscope=\"\" itemtype=\"https:\/\/schema.org\/Hotel\"><strong><span itemprop=\"name\" lang=\"ca\">Cala Salada<\/span><\/strong><\/p>\n<p itemprop=\"description\">\n<p><font lang=\"ca\"> Aportaci\u00f3: <meta itemprop=\"checkinTime\" content=\"15:00\"><font lang=\"ca\">15:00 <\/p>\n<p><font lang=\"ca\"> Sortida: <meta itemprop=\"checkoutTime\" content=\"10:00\"><font lang=\"ca\">10:00<\/p>\n<p><font lang=\"ca\"> Situat a <span itemprop=\"address\" itemscope=\"\" itemtype=\"https:\/\/data-vocabulary.org\/Address\"> <font lang=\"ca\"><span itemprop=\"street-address\">Punta Galera s\/n<\/span>, <span itemprop=\"locality\">San Antonio<\/span>, <span itemprop=\"region\">Illes Balears<\/span> <span itemprop=\"country\">Espanya<\/span> <span itemprop=\"postal-code\">46184<\/span>  <\/p>\n<div itemprop=\"geo\" itemscope=\"\" itemtype=\"https:\/\/schema.org\/GeoCoordinates\"><meta itemprop=\"latitude\" content=\"39.003309933762\"><meta itemprop=\"longitude\" content=\"1.2993666529656\"><\/p>\n<p class=\"preenlace\"><font lang=\"ca\">Trobar els millors preus en Cala Salada <a href=\"https:\/cala-salada-2\/\" target=\"_top\" class=\"\" rel=\"noopener noreferrer\"><span class=\"fondofecha\"><\/span><\/a><\/p>\n<form method=\"get\" action=\"https:\/blogs\/opiniones\/cala-salada-2\/\" target=\"_top\"><input value=\"Buscar habitaci\u00f3n\" type=\"submit\"><input name=\"from\" value=\"\" type=\"hidden\"><input name=\"to\" value=\"ca\" type=\"hidden\"><input name=\"a\" value=\"https:\/blogs\/opiniones\/cala-salada-2\" type=\"hidden\"><input name=\"f\" value=\"1\" type=\"hidden\"><\/form>\n<p><a itemprop=\"hasMap\" href=\"https:\/\/www.google.com\/maps?ie=UTF8%26hq%26ll=39.003309933762%2C1.2993666529656%26z=18\" target=\"_top\" lang=\"ca\" rel=\"noopener noreferrer\"> Veure al mapa.<\/a><\/p>\n<h2 class=\"claro\" lang=\"ca\">Serveis comuns al Hostal Cala Salada<\/h2>\n<p><font lang=\"ca\">A continuaci\u00f3 presentem alguns dels serveis a l&#8217;Hostal Cala Salada, ordenats per categoria. <font lang=\"ca\">Podeu seleccionar l&#8217;estada en el moment de la seva consulta.<\/p>\n<h3 lang=\"ca\">General<\/h3>\n<ul>\n<li itemprop=\"amenityFeature\" itemscope=\"\" itemtype=\"https:\/\/schema.org\/LocationFeatureSpecification\"><span itemprop=\"name\" lang=\"ca\">Disposa d&#8217;aparcament<\/span> <meta itemprop=\"value\" content=\"True\"><\/li>\n<li itemprop=\"amenityFeature\" itemscope=\"\" itemtype=\"https:\/\/schema.org\/LocationFeatureSpecification\"><span itemprop=\"name\" lang=\"ca\">Amb aparcament gratu\u00eft<\/span> <meta itemprop=\"value\" content=\"True\"><\/li>\n<li itemprop=\"amenityFeature\" itemscope=\"\" itemtype=\"https:\/\/schema.org\/LocationFeatureSpecification\"><span itemprop=\"name\" lang=\"ca\">Allotjament amb aparcament<\/span> <meta itemprop=\"value\" content=\"True\"><\/li>\n<li itemprop=\"amenityFeature\" itemscope=\"\" itemtype=\"https:\/\/schema.org\/LocationFeatureSpecification\"><span itemprop=\"name\" lang=\"ca\">Ofereix aparcament privat<\/span> <meta itemprop=\"value\" content=\"True\"><\/li>\n<li itemprop=\"amenityFeature\" itemscope=\"\" itemtype=\"https:\/\/schema.org\/LocationFeatureSpecification\"><span itemprop=\"name\" lang=\"ca\">Allotjament amb Wi-Fi<\/span> <meta itemprop=\"value\" content=\"True\"><\/li>\n<\/ul>\n<h3 lang=\"ca\">Serveis<\/h3>\n<ul>\n<li itemprop=\"amenityFeature\" itemscope=\"\" itemtype=\"https:\/\/schema.org\/LocationFeatureSpecification\"><span itemprop=\"name\" lang=\"ca\">Amb acc\u00e9s a Internet<\/span> <meta itemprop=\"value\" content=\"True\"><\/li>\n<li itemprop=\"amenityFeature\" itemscope=\"\" itemtype=\"https:\/\/schema.org\/LocationFeatureSpecification\"><span itemprop=\"name\" lang=\"ca\">Servei de WiFi disponible<\/span> <meta itemprop=\"value\" content=\"True\"><\/li>\n<li itemprop=\"amenityFeature\" itemscope=\"\" itemtype=\"https:\/\/schema.org\/LocationFeatureSpecification\"><span itemprop=\"name\" lang=\"ca\">Disposa de Wi-Fi gratu\u00efta<\/span> <meta itemprop=\"value\" content=\"True\"><\/li>\n<\/ul>\n<h3 lang=\"ca\">Menjar i beure<\/h3>\n<ul>\n<li itemprop=\"amenityFeature\" itemscope=\"\" itemtype=\"https:\/\/schema.org\/LocationFeatureSpecification\"><span itemprop=\"name\" lang=\"ca\">Disponibilitat de barbacoa<\/span> <meta itemprop=\"value\" content=\"True\"><\/li>\n<\/ul>\n<h3 lang=\"ca\">Piscina i benestar<\/h3>\n<ul>\n<li itemprop=\"amenityFeature\" itemscope=\"\" itemtype=\"https:\/\/schema.org\/LocationFeatureSpecification\"><span itemprop=\"name\" lang=\"ca\">En temporada, ofereix una piscina exterior<\/span> <meta itemprop=\"value\" content=\"True\"><\/li>\n<li itemprop=\"amenityFeature\" itemscope=\"\" itemtype=\"https:\/\/schema.org\/LocationFeatureSpecification\"><span itemprop=\"name\" lang=\"ca\">Hi ha piscina<\/span> <meta itemprop=\"value\" content=\"True\"><\/li>\n<\/ul>\n<h3 lang=\"ca\">Transport<\/h3>\n<ul>\n<li itemprop=\"amenityFeature\" itemscope=\"\" itemtype=\"https:\/\/schema.org\/LocationFeatureSpecification\"><span itemprop=\"name\" lang=\"ca\">Servei de trasllat a l&#8217;aeroport<\/span> <meta itemprop=\"value\" content=\"True\"><\/li>\n<li itemprop=\"amenityFeature\" itemscope=\"\" itemtype=\"https:\/\/schema.org\/LocationFeatureSpecification\"><span itemprop=\"name\" lang=\"ca\">Barat lloguer de cotxes a Eivissa<\/span> <meta itemprop=\"value\" content=\"True\"><\/li>\n<li itemprop=\"amenityFeature\" itemscope=\"\" itemtype=\"https:\/\/schema.org\/LocationFeatureSpecification\"><span itemprop=\"name\" lang=\"ca\">Serveis de trasllat de pagament<\/span> <meta itemprop=\"value\" content=\"True\"><\/li>\n<li itemprop=\"amenityFeature\" itemscope=\"\" itemtype=\"https:\/\/schema.org\/LocationFeatureSpecification\"><span itemprop=\"name\" lang=\"ca\">Transfer\u00e8ncia a l&#8217;aeroport de serveis de pagament<\/span> <meta itemprop=\"value\" content=\"True\"><\/li>\n<li itemprop=\"amenityFeature\" itemscope=\"\" itemtype=\"https:\/\/schema.org\/LocationFeatureSpecification\"><span itemprop=\"name\" lang=\"ca\">Disposa de servei de trasllat a<\/span> <meta itemprop=\"value\" content=\"True\"><\/li>\n<\/ul>\n<h3 lang=\"ca\">Zones comunes<\/h3>\n<ul>\n<li itemprop=\"amenityFeature\" itemscope=\"\" itemtype=\"https:\/\/schema.org\/LocationFeatureSpecification\"><span itemprop=\"name\" lang=\"ca\">Disposa de jard\u00ed<\/span> <meta itemprop=\"value\" content=\"True\"><\/li>\n<li itemprop=\"amenityFeature\" itemscope=\"\" itemtype=\"https:\/\/schema.org\/LocationFeatureSpecification\"><span itemprop=\"name\" lang=\"ca\">Disposa de terrassa<\/span> <meta itemprop=\"value\" content=\"True\"><\/li>\n<\/ul>\n<h2 class=\"claro\" lang=\"ca\">Habitacions disponibles a Cala Salada<\/h2>\n<p lang=\"ca\">Aquestes s\u00f3n algunes de les suites estan disponibles a Cala Salada, amb una enumeraci\u00f3 de serveis espec\u00edfics. <\/p>\n<h3 itemprop=\"numberOfRooms\" itemscope=\"\" itemtype=\"https:\/\/schema.org\/QuantitativeValue\"><font lang=\"ca\"><span itemprop=\"unitText\">Villa<\/span> <font lang=\"ca\"><span itemprop=\"priceCurrency\">2<\/span> llit doble (s). <font lang=\"ca\">M\u00e0xim 6 persona (s)<\/h3>\n<ul>\n<li lang=\"ca\"> Bany amb dutxa <\/li>\n<li lang=\"ca\"> Televisi\u00f3 disponible <\/li>\n<li lang=\"ca\"> Equipat amb assecador de cabell <\/li>\n<li lang=\"ca\"> T\u00e9 el ferro <\/li>\n<li lang=\"ca\"> Equipada amb nevera <\/li>\n<li lang=\"ca\"> Zona disponible <\/li>\n<li lang=\"ca\"> Equipada amb microones <\/li>\n<li lang=\"ca\"> Rentaplats disponibles <\/li>\n<li lang=\"ca\"> Rentadora disponible <\/li>\n<li lang=\"ca\"> Equipat amb calefacci\u00f3 <\/li>\n<li lang=\"ca\"> Equipat amb cuina <\/li>\n<li lang=\"ca\"> Equipada amb llar de foc <\/li>\n<li lang=\"ca\"> Equipat amb entrada privada <\/li>\n<li lang=\"ca\"> Sof\u00e0 disponible <\/li>\n<li lang=\"ca\"> Disposa de menjador <\/li>\n<li lang=\"ca\"> Disposa de piscina privada <\/li>\n<li lang=\"ca\"> Armaris disponibles <\/li>\n<li lang=\"ca\"> Forn ha <\/li>\n<li lang=\"ca\"> Equipada amb fogons <\/li>\n<li lang=\"ca\"> Torradora disponible <\/li>\n<li lang=\"ca\"> T\u00e9 barbacoa <\/li>\n<li lang=\"ca\"> T\u00e9 vista sobre el mar <\/li>\n<li lang=\"ca\"> Amb vista sobre la piscina <\/li>\n<li lang=\"ca\"> Amb vistes a la muntanya <\/li>\n<li lang=\"ca\"> Disposa de cafetera <\/li>\n<li lang=\"ca\"> Habitaci\u00f3 amb terrassa <\/li>\n<li lang=\"ca\"> Disponibilitat de tovalloles <\/li>\n<li lang=\"ca\"> Disponibilitat de roba de llit <\/li>\n<li lang=\"ca\"> Disposa de taula de menjador <\/li>\n<li lang=\"ca\"> Trona disponible <\/li>\n<li lang=\"ca\"> Disposa de zona de menjador exterior <\/li>\n<li lang=\"ca\"> Escales d&#8217;acc\u00e9s a les plantes superiors <\/li>\n<li lang=\"ca\"> Allotjament amb cuina <\/li>\n<\/ul>\n<p class=\"enlacerojo\"><a href=\"https:\/cala-salada-2\/\" target=\"_top\" class=\"opinionesyreserva\" lang=\"ca\" rel=\"noopener noreferrer\">Informaci\u00f3 i reserves<\/a><\/p>\n<p><font lang=\"ca\">Si necessiteu la millor casa a <a href=\"https:\/blogs\/villas-alquiler-ibiza-casas-rurales-chalets\/\" title=\"chalet ibiza\" target=\"_top\" rel=\"noopener noreferrer\">Eivissa Villa<\/a> trobar\u00e0 la millor selecci\u00f3 de cases de lloguer.<\/p>\n<h2 class=\"claro\" lang=\"ca\">V\u00eddeo de Hostal Cala Salada<\/h2>\n<p lang=\"ca\">Si voleu es podr\u00e0 gaudir de Youtube v\u00eddeo de Hostal Cala Salada . <\/p>\n<h2 class=\"claro\" lang=\"ca\">Com es mou cap avall de l&#8217;aeroport a l&#8217;Hostal Cala Salada en el seu cotxe de lloguer<\/h2>\n<p><font lang=\"ca\">Podeu desar aquestes instruccions arribar al seu dest\u00ed en Hostal Cala d&#8217;aigua salada si no s&#8217;ha reservat el cotxe que us recomanem que fer la reserva al lloguer <a href=\"https:\/\/alquilercochesibiza.soloibiza.com\/\" title=\"alquiler de veh\u00edculos a precio econ\u00f3mico en el aeropuerto de Ibiza\" target=\"_top\" rel=\"noopener noreferrer\">de vehicles valguts aeroport d&#8217;Eivissa<\/a>.<\/p>\n<ol class=\"despliega\">\n<li lang=\"ca\">Anar al <b>sud-est<\/b><\/li>\n<li lang=\"ca\">Sal de la rotonda en la <b>CTRA Circunvalacion Eivissa<\/b><\/li>\n<li lang=\"ca\">Segueix <b>E-20<\/b><\/li>\n<li lang=\"ca\">Prendre la sortida en direcci\u00f3 <b>Centre ciutat<\/b>\/<b>Ibiza<\/b>\/<b>Sant Antoni<\/b>\/<b>Puig Den<\/b><\/li>\n<li><font lang=\"ca\">Allotjar-a l&#8217; <b>esquerra<\/b> per continuar cap al <b>Carrer Sant Antoni de Portmany<\/b>\/<b>C-731<\/b>.<\/li>\n<li><font lang=\"ca\">A la rotonda, agafi la <b>tercera<\/b> sortida cap a <b>l&#8217;Avinguda de Sant Antoni de Portmany<\/b>\/<b>C-731<\/b>\n<div style=\"font-size:0.9em\" lang=\"ca\">Cap C-731<\/li>\n<li lang=\"ca\">A la rotonda, agafeu la <b>segona<\/b> sortida i continuar pel <b>C-731<\/b><\/li>\n<li><font lang=\"ca\">A la rotonda, agafeu la <b>segona<\/b> sortida cap a <b>Monte Cristo Pol\u00edgon Industrial<\/b>\/<b>C-731<\/b>\n<div style=\"font-size:0.9em\" lang=\"ca\">Cap C-731<\/li>\n<li lang=\"ca\">A la rotonda, agafi la <b>primera<\/b> sortida i continuar per <b>C-731<\/b><\/li>\n<li lang=\"ca\">A la rotonda, agafeu la <b>segona<\/b> sortida en direcci\u00f3 a <b>CTRA Ibiza-Sant Antoni<\/b>\/<b>C-731<\/b><\/li>\n<li lang=\"ca\">A la rotonda, agafeu la <b>segona<\/b> sortida i continuar pel <b>CTRA Ibiza-Sant Antoni<\/b>\/<b>C-731<\/b><\/li>\n<li><font lang=\"ca\">A la rotonda, agafeu la <b>segona<\/b> sortida i continuar pel <b>CTRA Ibiza-Sant Antoni<\/b>\/<b>C-731<\/b>\n<div style=\"font-size:0.9em\" lang=\"ca\">Cap C-731<\/li>\n<li lang=\"ca\">A la rotonda, agafi la <b>primera<\/b> sortida direcci\u00f3 <b>Sa Vorera<\/b>\/<b>PM-812<\/b><\/li>\n<li lang=\"ca\">A la rotonda, agafeu la <b>segona<\/b> sortida i continuar per <b>Sa Vorera<\/b>\/<b>PM-812<\/b><\/li>\n<li><font lang=\"ca\">A la rotonda, agafeu la <b>segona<\/b> sortida en direcci\u00f3 <b>Carrer Manuel Sor\u00e0<\/b>\/<b>PM-812<\/b>\n<div style=\"font-size:0.9em\" lang=\"ca\">Continuar cap a la PM-812<\/li>\n<li lang=\"ca\">A la rotonda, agafeu la <b>segona<\/b> sortida cap a <b>Sta. In\u00e9s Carr<\/b>\/<b>PM-812<\/b><\/li>\n<li lang=\"ca\">Gire a la <b>esquerra<\/b> <b>Cam\u00ed Cala Salada<\/b><\/li>\n<li><font lang=\"ca\">Giri lleugerament <b>esquerra<\/b> al <b>Carrer n \u00ba 1 Punta Galera<\/b>\n<div style=\"font-size:0.9em\" lang=\"ca\">L&#8217;objectiu \u00e9s l&#8217;esquerra.<\/li>\n<\/ol>\n<h2 class=\"claro\" lang=\"ca\">Hotels a prop de Cala Salada<\/h2>\n<p lang=\"ca\">Si no troba la disponibilitat a Cala Salada o prefereixen m\u00e9s opcions que es localitza allotjament seg\u00fcent de la llista seg\u00fcent. <\/p>\n<ul class=\"listasinscroll\">\n<li><font lang=\"ca\"><a href=\"https:\/blogs\/villa-in-cala-salada-iii\/\" title=\"Villa in Cala Salada III Ibiza\" target=\"_top\" rel=\"noopener noreferrer\">Villa vistes a Cala Salada III<\/a> <font lang=\"ca\">Uns de 526 metres.<\/li>\n<li><font lang=\"ca\"><a href=\"https:\/blogs\/villa-in-sant-antoni-de-portmany-baleares-vii\" title=\"Villa in Sant Antoni De Portmany Baleares VII\" target=\"_top\" rel=\"noopener noreferrer\">Villa en Sant Antoni De Portmany Balear VII<\/a> <font lang=\"ca\">544 metres.<\/li>\n<li><font lang=\"ca\"><a href=\"https:\/blogs\/vistamar\/\" title=\"Vistamar\" target=\"_top\" rel=\"noopener noreferrer\">Vistamar<\/a> <font lang=\"ca\">581 metres.<\/li>\n<li><font lang=\"ca\"><a href=\"https:\/blogs\/villa-in-san-antonio-v\/\" title=\"Villa in San Antonio V\" target=\"_top\" rel=\"noopener noreferrer\">Reserves a Villa San Antonio v<\/a> <font lang=\"ca\">682 m.<\/li>\n<li><font lang=\"ca\"><a href=\"https:\/blogs\/six-bedroom-holiday-home-in-sant-antoni-de-portmany-san-antonio-with-terrace\" title=\"Six-Bedroom Holiday Home in Sant Antoni de Portmany \/ San Antonio with Terrace en Ibiza\" target=\"_top\" rel=\"noopener noreferrer\">Comentaris 6 habitacions casa de vacances a Sant Antoni de Portmany \/ San Antonio amb terrassa<\/a> <font lang=\"ca\">711 metres.<\/li>\n<li><font lang=\"ca\"><a href=\"https:\/blogs\/villa-in-sant-antoni-de-portmany-baleares-ii\" title=\"Villa in Sant Antoni De Portmany Baleares II\" target=\"_top\" rel=\"noopener noreferrer\">Villa en Sant Antoni De Portmany Balear II<\/a> <font lang=\"ca\">756 m.<\/li>\n<li><font lang=\"ca\"><a href=\"https:\/blogs\/can-germa\/\" title=\"Can Germa en Ibiza\" target=\"_top\" rel=\"noopener noreferrer\">Es Germa a Eivissa<\/a> <font lang=\"ca\">868 metres.<\/li>\n<li><font lang=\"ca\"><a href=\"https:\/blogs\/villa-in-cala-salada-viii\/\" title=\"Villa in Cala Salada VIII en Ibiza\" target=\"_top\" rel=\"noopener noreferrer\">Villa a Cala Salada VIII Eivissa<\/a> <font lang=\"ca\">878 metres.<\/li>\n<li><font lang=\"ca\"><a href=\"https:\/blogs\/six-bedroom-apartment-in-ibiza-with-pool-iii\/\" title=\"Six-Bedroom Apartment in Ibiza with Pool III Ibiza\" target=\"_top\" rel=\"noopener noreferrer\">Apartament 6 habitacions a Eivissa amb piscina III a Eivissa<\/a> <font lang=\"ca\">894 metres.<\/li>\n<li><font lang=\"ca\"><a href=\"https:\/blogs\/villa-micasa\/\" title=\"Villa Micasa\" target=\"_top\" rel=\"noopener noreferrer\">Reserves a Villa Micasa<\/a> <font lang=\"ca\">A alguns km 1.08.<\/li>\n<li><font lang=\"ca\"><a href=\"https:\/blogs\/marble-stella-maris-ibiza\/\" title=\"Marble Stella Maris Ibiza en Ibiza\" target=\"_top\" rel=\"noopener noreferrer\">Marbre Stella Maris Eivissa Ibiza<\/a> <font lang=\"ca\">A uns 1.17 km.<\/li>\n<li><font lang=\"ca\"><a href=\"https:\/blogs\/villa-colina-ibiza\/\" title=\"Villa Colina Ibiza en Ibiza\" target=\"_top\" rel=\"noopener noreferrer\">Tur\u00f3 Ibiza Villa<\/a> <font lang=\"ca\">A uns quil\u00f2metres 1.21.<\/li>\n<li><font lang=\"ca\"><a href=\"https:\/blogs\/villa-sofia\/\" title=\"Villa Sofia\" target=\"_top\" rel=\"noopener noreferrer\">Reserves a Villa Sofia<\/a> <font lang=\"ca\">A uns quil\u00f2metres 1.42.<\/li>\n<li><font lang=\"ca\"><a href=\"https:\/blogs\/fiesta-hotel-cala-gracio-all-inclusive\/\" title=\"Fiesta Hotel Cala Graci\u00f3- All Inclusive Ibiza\" target=\"_top\" rel=\"noopener noreferrer\">Usuari Fiesta Hotel Cala Gracio &#8211; tot incl\u00f2s<\/a> <font lang=\"ca\">A uns 1.56 km.<\/li>\n<li><font lang=\"ca\"><a href=\"https:\/blogs\/fiesta-hotel-tanit\/\" title=\"Fiesta Hotel Tanit\" target=\"_top\" rel=\"noopener noreferrer\">Reserves a Fiesta Hotel Tanit<\/a> <font lang=\"ca\">A uns 1,64 quil\u00f2metres.<\/li>\n<\/ul>\n<p><\/span><\/p>\n","protected":false},"excerpt":{"rendered":"<p>Cala Salada es troba lloc a la zona de San Antonio, a 16.68 km de terminal de l&#8217;aeroport d&#8217;Eivissa. Lloguer de cotxes a Eivissa Eivissa nom\u00e9s recomanem arribar a Cala Salada. Informaci\u00f3 Hostal Cala Salada Cala Salada Aportaci\u00f3: 15:00 Sortida: 10:00 Situat a Punta Galera s\/n, San Antonio, Illes Balears Espanya 46184 Trobar els millors [&hellip;]<\/p>\n","protected":false},"author":1,"featured_media":0,"comment_status":"open","ping_status":"open","sticky":false,"template":"","format":"standard","meta":{"_acf_changed":false,"footnotes":""},"categories":[1],"tags":[],"class_list":["post-40110","post","type-post","status-publish","format-standard","hentry","category-sin-categoria"],"acf":[],"_links":{"self":[{"href":"https:\/\/soloibiza.com\/ca\/wp-json\/wp\/v2\/posts\/40110","targetHints":{"allow":["GET"]}}],"collection":[{"href":"https:\/\/soloibiza.com\/ca\/wp-json\/wp\/v2\/posts"}],"about":[{"href":"https:\/\/soloibiza.com\/ca\/wp-json\/wp\/v2\/types\/post"}],"author":[{"embeddable":true,"href":"https:\/\/soloibiza.com\/ca\/wp-json\/wp\/v2\/users\/1"}],"replies":[{"embeddable":true,"href":"https:\/\/soloibiza.com\/ca\/wp-json\/wp\/v2\/comments?post=40110"}],"version-history":[{"count":0,"href":"https:\/\/soloibiza.com\/ca\/wp-json\/wp\/v2\/posts\/40110\/revisions"}],"wp:attachment":[{"href":"https:\/\/soloibiza.com\/ca\/wp-json\/wp\/v2\/media?parent=40110"}],"wp:term":[{"taxonomy":"category","embeddable":true,"href":"https:\/\/soloibiza.com\/ca\/wp-json\/wp\/v2\/categories?post=40110"},{"taxonomy":"post_tag","embeddable":true,"href":"https:\/\/soloibiza.com\/ca\/wp-json\/wp\/v2\/tags?post=40110"}],"curies":[{"name":"wp","href":"https:\/\/api.w.org\/{rel}","templated":true}]}}