{"id":27474,"date":"2017-02-11T13:20:00","date_gmt":"2017-02-11T12:20:00","guid":{"rendered":"https:\/?p=27474\/"},"modified":"2020-10-17T14:30:12","modified_gmt":"2020-10-17T12:30:12","slug":"casa-vacances-cala-vadella-xvi-opinions-i-reserva","status":"publish","type":"post","link":"https:\/\/soloibiza.com\/ca\/casa-vacances-cala-vadella-xvi-opinions-i-reserva\/","title":{"rendered":"Casa de vacances a Cala Vadella Cala Vadella (Eivissa), opinions i reserva XVI"},"content":{"rendered":"\n<div id=\"hotel\">\n<p><font lang=\"ca\">Casa de vacances a Cala Vadella XVI est\u00e0 situat a la zona de <b>Cala Vadella<\/b>, a uns 16.06 km de la terminal de l&#8217;aeroport a l&#8217;illa d&#8217;Eivissa. <font lang=\"ca\">Per arribar a l&#8217;allotjament li aconsellem que llogueu el vostre cotxe a Eivissa a Eivissa en solitari.<\/p>\n<h2 class=\"claro\" lang=\"ca\">Informaci\u00f3 sobre Villa en Cala Vadella XVI<\/h2>\n<div itemscope=\"\" itemtype=\"https:\/\/schema.org\/Hotel\"><strong><span itemprop=\"name\" lang=\"ca\">Casa de vacances a Cala Vadella XVI<\/span><\/strong><\/p>\n<p itemprop=\"description\">\n<p><font lang=\"ca\"> Aportaci\u00f3: <meta itemprop=\"checkinTime\" content=\"16:00\"><font lang=\"ca\">16:00 <\/p>\n<p><font lang=\"ca\"> Sortida: <meta itemprop=\"checkoutTime\" content=\"10:00\"><font lang=\"ca\">10:00<\/p>\n<p><font lang=\"ca\"> Situat a <span itemprop=\"address\" itemscope=\"\" itemtype=\"https:\/\/data-vocabulary.org\/Address\"> <span itemprop=\"street-address\">&#8211;<\/span>, <font lang=\"ca\"><span itemprop=\"locality\">Cala Vadella<\/span>, <span itemprop=\"region\">Illes Balears<\/span> <span itemprop=\"postal-code\">0<\/span> <span itemprop=\"country\">Espanya<\/span>  <\/p>\n<div itemprop=\"geo\" itemscope=\"\" itemtype=\"https:\/\/schema.org\/GeoCoordinates\"><meta itemprop=\"latitude\" content=\"38.9039504\"><meta itemprop=\"longitude\" content=\"1.2324967\"><\/p>\n<p class=\"preenlace\"><font lang=\"ca\">Trobar els millors preus en casa de vacances a Cala Vadella XVI <a href=\"https:\/blogs\/villa-in-cala-vadella-xvi\/\" target=\"_top\" class=\"\" rel=\"noopener noreferrer\"><span class=\"fondofecha\"><\/span><\/a><\/p>\n<form method=\"get\" action=\"https:\/blogs\/opiniones\/villa-in-cala-vadella-xvi\/\" target=\"_top\"><input value=\"Buscar habitaci\u00f3n\" type=\"submit\"><input name=\"from\" value=\"\" type=\"hidden\"><input name=\"to\" value=\"ca\" type=\"hidden\"><input name=\"a\" value=\"https:\/blogs\/opiniones\/villa-in-cala-vadella-xvi\" type=\"hidden\"><input name=\"f\" value=\"1\" type=\"hidden\"><\/form>\n<p><a itemprop=\"hasMap\" href=\"https:\/\/www.google.com\/maps?ie=UTF8%26hq%26ll=38.9039504%2C1.2324967%26z=18\" target=\"_top\" lang=\"ca\" rel=\"noopener noreferrer\"> Veure al mapa.<\/a><\/p>\n<p><img decoding=\"async\" src=\"https:\/\/raw.githubusercontent.com\/soloibiza\/solo-ibiza\/master\/villa-in-cala-vadella-xvi\/villa-in-cala-vadella-xvi-reverva.jpg\" alt=\"Villa in Cala Vadella XVI reverva\" title=\"\"><\/p>\n<h2 class=\"claro\" lang=\"ca\">Serveis comuns a casa de vacances a Cala Vadella XVI<\/h2>\n<p><font lang=\"ca\">Per la seva informaci\u00f3 mostrem una llista de serveis a la casa de vacances a Cala Vadella XVI llistat per tipus. <font lang=\"ca\">Podeu triar l&#8217;estada en el moment de la seva consulta.<\/p>\n<h3 lang=\"ca\">General<\/h3>\n<ul>\n<li itemprop=\"amenityFeature\" itemscope=\"\" itemtype=\"https:\/\/schema.org\/LocationFeatureSpecification\"><span itemprop=\"name\" lang=\"ca\">Disposa d&#8217;aparcament<\/span> <meta itemprop=\"value\" content=\"True\"><\/li>\n<li itemprop=\"amenityFeature\" itemscope=\"\" itemtype=\"https:\/\/schema.org\/LocationFeatureSpecification\"><span itemprop=\"name\" lang=\"ca\">Allotjament amb Wi-Fi<\/span> <meta itemprop=\"value\" content=\"True\"><\/li>\n<\/ul>\n<h3 lang=\"ca\">Activitats<\/h3>\n<ul>\n<li itemprop=\"amenityFeature\" itemscope=\"\" itemtype=\"https:\/\/schema.org\/LocationFeatureSpecification\"><span itemprop=\"name\" lang=\"ca\">Tennis de taula<\/span> <meta itemprop=\"value\" content=\"True\"><\/li>\n<\/ul>\n<h3 lang=\"ca\">Serveis<\/h3>\n<ul>\n<li itemprop=\"amenityFeature\" itemscope=\"\" itemtype=\"https:\/\/schema.org\/LocationFeatureSpecification\"><span itemprop=\"name\" lang=\"ca\">Amb acc\u00e9s a Internet<\/span> <meta itemprop=\"value\" content=\"True\"><\/li>\n<li itemprop=\"amenityFeature\" itemscope=\"\" itemtype=\"https:\/\/schema.org\/LocationFeatureSpecification\"><span itemprop=\"name\" lang=\"ca\">Servei de WiFi disponible<\/span> <meta itemprop=\"value\" content=\"True\"><\/li>\n<li itemprop=\"amenityFeature\" itemscope=\"\" itemtype=\"https:\/\/schema.org\/LocationFeatureSpecification\"><span itemprop=\"name\" lang=\"ca\">Disposa de Wi-Fi gratu\u00efta<\/span> <meta itemprop=\"value\" content=\"True\"><\/li>\n<\/ul>\n<h3 lang=\"ca\">Piscina i benestar<\/h3>\n<ul>\n<li itemprop=\"amenityFeature\" itemscope=\"\" itemtype=\"https:\/\/schema.org\/LocationFeatureSpecification\"><span itemprop=\"name\" lang=\"ca\">En temporada, ofereix una piscina exterior<\/span> <meta itemprop=\"value\" content=\"True\"><\/li>\n<li itemprop=\"amenityFeature\" itemscope=\"\" itemtype=\"https:\/\/schema.org\/LocationFeatureSpecification\"><span itemprop=\"name\" lang=\"ca\">Hi ha piscina<\/span> <meta itemprop=\"value\" content=\"True\"><\/li>\n<\/ul>\n<h3 lang=\"ca\">Zones comunes<\/h3>\n<ul>\n<li itemprop=\"amenityFeature\" itemscope=\"\" itemtype=\"https:\/\/schema.org\/LocationFeatureSpecification\"><span itemprop=\"name\" lang=\"ca\">Disposa de jard\u00ed<\/span> <meta itemprop=\"value\" content=\"True\"><\/li>\n<\/ul>\n<p><img decoding=\"async\" src=\"https:\/\/raw.githubusercontent.com\/soloibiza\/solo-ibiza\/master\/villa-in-cala-vadella-xvi\/villa-in-cala-vadella-xvi-opiniones.jpg\" alt=\"Villa in Cala Vadella XVI opiniones\" title=\"\"><\/p>\n<h2 class=\"claro\" lang=\"ca\">Habitacions disponibles a casa de vacances a Cala Vadella XVI<\/h2>\n<p lang=\"ca\">Aqu\u00ed hi ha algunes de les habitacions a la Vil\u00b7la de Cala Vadella 16 amb una enumeraci\u00f3 de serveis espec\u00edfics. <\/p>\n<h3 itemprop=\"numberOfRooms\" itemscope=\"\" itemtype=\"https:\/\/schema.org\/QuantitativeValue\"><font lang=\"ca\"><span itemprop=\"unitText\">Villa<\/span> <font lang=\"ca\"><span itemprop=\"priceCurrency\">2<\/span> doble (s) rei. <font lang=\"ca\">Max 12 persona (s)<\/h3>\n<ul>\n<li lang=\"ca\"> TDT <\/li>\n<li lang=\"ca\"> Televisi\u00f3 disponible <\/li>\n<li lang=\"ca\"> Climatitzaci\u00f3 \/ aire condicionat <\/li>\n<li lang=\"ca\"> Equipada amb nevera <\/li>\n<li lang=\"ca\"> Planxar equipat <\/li>\n<li lang=\"ca\"> Equipades amb reproductor de Dvd <\/li>\n<li lang=\"ca\"> Amb lavabo incl\u00f2s <\/li>\n<li lang=\"ca\"> Rentaplats disponibles <\/li>\n<li lang=\"ca\"> Rentadora disponible <\/li>\n<li lang=\"ca\"> Perm\u00e8s bany <\/li>\n<li lang=\"ca\"> Equipat amb calefacci\u00f3 <\/li>\n<li lang=\"ca\"> Sat\u00e8l\u00b7lit estan disponibles <\/li>\n<li lang=\"ca\"> Equipat amb cuina <\/li>\n<li lang=\"ca\"> T\u00e9 banyera o dutxa <\/li>\n<li lang=\"ca\"> Equipada amb llar de foc <\/li>\n<li lang=\"ca\"> Sof\u00e0 disponible <\/li>\n<li lang=\"ca\"> Disposa de menjador <\/li>\n<li lang=\"ca\"> Disposa d&#8217;accessoris de cuina <\/li>\n<li lang=\"ca\"> Disposa de piscina privada <\/li>\n<li lang=\"ca\"> Armaris disponibles <\/li>\n<li lang=\"ca\"> Forn ha <\/li>\n<li lang=\"ca\"> Equipada amb fogons <\/li>\n<li lang=\"ca\"> T\u00e9 barbacoa <\/li>\n<li lang=\"ca\"> Amb vistes a la muntanya <\/li>\n<li lang=\"ca\"> Habitaci\u00f3 amb terrassa <\/li>\n<\/ul>\n<p><img decoding=\"async\" alt=\"Villa in Cala Vadella XVI booking\" src=\"https:\/\/raw.githubusercontent.com\/soloibiza\/solo-ibiza\/master\/villa-in-cala-vadella-xvi\/villa-in-cala-vadella-xvi-booking.jpg\" title=\"\"><\/p>\n<p class=\"enlacerojo\"><a href=\"https:\/blogs\/villa-in-cala-vadella-xvi\/\" target=\"_top\" class=\"opinionesyreserva\" lang=\"ca\" rel=\"noopener noreferrer\">Informaci\u00f3 i reserves<\/a><\/p>\n<p><font lang=\"ca\">Lloguer de les vil\u00b7les privades millors, <a href=\"https:\/blogs\/villas-alquiler-ibiza-casas-rurales-chalets\/\" title=\"villas lujo\" target=\"_top\" rel=\"noopener noreferrer\">viles de luxe<\/a> entrar i trobar la millor oferta d&#8217;Eivissa.<\/p>\n<h2 class=\"claro\" lang=\"ca\">V\u00eddeo de la casa de vacances a Cala Vadella XVI<\/h2>\n<p lang=\"ca\">Si ho preferiu que podeu arribar el v\u00eddeo de la casa de vacances a Cala Vadella XVI a Youtube. <\/p>\n<h2 class=\"claro\" lang=\"ca\">Com anar de l&#8217;aeroport d&#8217;Eivissa a casa de vacances a Cala Vadella XVI amb el seu cotxe de lloguer<\/h2>\n<p><font lang=\"ca\">Si s&#8217;ha contractat vehicle de retirada de l&#8217;aeroport d&#8217;Eivissa o trasllat, moure avall a casa de vacances a Cala Vadella 16 et ser\u00e0 molt f\u00e0cil les nostres instruccions. <font lang=\"ca\">Si no teniu el seu cotxe recomanem llogar un a p\u00e0gina de <a href=\"https:\/\/alquilercochesibiza.soloibiza.com\/\" title=\"alquiler de coche en Ibiza\" target=\"_top\" rel=\"noopener noreferrer\">lloguer de cotxes a Eivissa<\/a>.<\/p>\n<ol class=\"despliega\">\n<li lang=\"ca\">Anar al <b>sud-est<\/b> cap a <b>CTRA Circunvalacion Eivissa<\/b><\/li>\n<li lang=\"ca\">Sal de la rotonda de la <b>Carretera de l&#8217; A\u00e9roport<\/b><\/li>\n<li lang=\"ca\">A la rotonda, agafeu la <b>segona<\/b> sortida en direcci\u00f3 a <b>CTRA sa Caleta<\/b><\/li>\n<li lang=\"ca\"><b>Carretera sa Caleta<\/b> girar a la <b>dreta<\/b> fins a <b>Disseminat sa Caleta<\/b><\/li>\n<li lang=\"ca\">Recta<\/li>\n<li lang=\"ca\">A la rotonda, agafeu la <b>segona<\/b> sortida cap a la <b>PM-803<\/b><\/li>\n<li><font lang=\"ca\">Al seu torn a l&#8217; <b>esquerra<\/b>.<\/li>\n<li lang=\"ca\">A la rotonda, agafi la <b>tercera<\/b> sortida en direcci\u00f3 <b>PMV-803-1<\/b><\/li>\n<li><font lang=\"ca\">Continueu recte cap a la carretera <b><font lang=\"ca\">Saint Joseph-C. <font lang=\"ca\">Vadell<\/b><\/li>\n<li lang=\"ca\">Encara pel <b>Carrer Club vista sobre el mar<\/b><\/li>\n<li lang=\"ca\">Al seu torn a l&#8217; <b>esquerra<\/b> cap al <b>Coll del Carrer de s&#8217;Oratge<\/b><\/li>\n<li lang=\"ca\"><b>Carrer Coll de s&#8217;Oratge<\/b> segueix <b>dreta<\/b> fins al <b>Carrer des Rac\u00f3 des Far<\/b><\/li>\n<li lang=\"ca\"><b>Carrer des Rac\u00f3 des d&#8217;ara<\/b> continua l&#8217; <b>esquerra<\/b> cap a <b>Ses Carerr Serretes<\/b><\/li>\n<li lang=\"ca\">Gire a la <b>esquerra<\/b> <b>Cam\u00ed Cala Carb\u00f3<\/b><\/li>\n<li lang=\"ca\">Gire a la <b>esquerra<\/b> <b>Cam\u00ed Cala Carb\u00f3<\/b><\/li>\n<li lang=\"ca\">Girar a la <b>dreta<\/b> al <b>Cam\u00ed Cala Carb\u00f3<\/b><\/li>\n<li><font lang=\"ca\">Gire a la <b>esquerra<\/b> <b>Cam\u00ed Cala Carb\u00f3<\/b>\n<div style=\"font-size:0.9em\" lang=\"ca\">El dest\u00ed \u00e9s a la dreta.<\/li>\n<\/ol>\n<h2 class=\"claro\" lang=\"ca\">Hotels a prop de casa de vacances a Cala Vadella XVI<\/h2>\n<p lang=\"ca\">Si no disposa d&#8217;habitacions disponibles a Villa en Cala Vadella XVI o preferiu que m\u00e9s opcions es establiments seg\u00fcents es poden trobar en la seg\u00fcent llista. <\/p>\n<ul class=\"listasinscroll\">\n<li><font lang=\"ca\"><a href=\"https:\/blogs\/villa-in-cala-vadella-iii\/\" title=\"Villa in Cala Vadella III en Ibiza\" target=\"_top\" rel=\"noopener noreferrer\">Casa de vacances a Cala Vadella Eivissa III<\/a> <font lang=\"ca\">339 metres.<\/li>\n<li><font lang=\"ca\"><a href=\"https:\/blogs\/villa-in-cala-carbo-ii\/\" title=\"Villa in Cala Carbo II Ibiza\" target=\"_top\" rel=\"noopener noreferrer\">Casa de vacances a Cala carb\u00f3 II<\/a> <font lang=\"ca\">444 metres.<\/li>\n<li><font lang=\"ca\"><a href=\"https:\/blogs\/villa-in-cala-carbo-iv\/\" title=\"Villa in Cala Carbo IV Ibiza\" target=\"_top\" rel=\"noopener noreferrer\">Villa vistes a Cala carb\u00f3 IV<\/a> <font lang=\"ca\">444 metres.<\/li>\n<li><font lang=\"ca\"><a href=\"https:\/blogs\/can-zugaper\/\" title=\"Can Zugaper en Ibiza\" target=\"_top\" rel=\"noopener noreferrer\">L&#8217;usuari pot Zugaper<\/a> <font lang=\"ca\">494 metres.<\/li>\n<li><font lang=\"ca\"><a href=\"https:\/blogs\/villa-in-cala-vadella-xv\/\" title=\"Villa in Cala Vadella XV Ibiza\" target=\"_top\" rel=\"noopener noreferrer\">Casa de vacances a Cala Vadella Eivissa XV<\/a> <font lang=\"ca\">691 metres.<\/li>\n<li><font lang=\"ca\"><a href=\"https:\/blogs\/villa-in-cala-vadella-xxi\/\" title=\"Villa in Cala Vadella XXI\" target=\"_top\" rel=\"noopener noreferrer\">Reserves a casa de vacances a Cala Vadella XXI<\/a> <font lang=\"ca\">779 metres.<\/li>\n<li><font lang=\"ca\"><a href=\"https:\/blogs\/le-zen\/\" title=\"Le Zen en Ibiza\" target=\"_top\" rel=\"noopener noreferrer\">Visites a Zen<\/a> <font lang=\"ca\">972 metres.<\/li>\n<li><font lang=\"ca\"><a href=\"https:\/blogs\/apartamento-can-miramar\/\" title=\"Apartamento Can Miramar\" target=\"_top\" rel=\"noopener noreferrer\">Lloguer de vacances pot Miramar a Eivissa<\/a> <font lang=\"ca\">Aproximadament 1 km.<\/li>\n<li><font lang=\"ca\"><a href=\"https:\/blogs\/casa-imperio\/\" title=\"Casa Imperio\" target=\"_top\" rel=\"noopener noreferrer\">Imperi de casa a Eivissa<\/a> <font lang=\"ca\">A uns 1.02 quil\u00f2metres.<\/li>\n<li><font lang=\"ca\"><a href=\"https:\/blogs\/villa-in-cala-vadella-xii\/\" title=\"Villa in Cala Vadella XII\" target=\"_top\" rel=\"noopener noreferrer\">Villa vistes a Cala Vadella XII<\/a> <font lang=\"ca\">A uns quil\u00f2metres 1.07.<\/li>\n<li><font lang=\"ca\"><a href=\"https:\/blogs\/apartamento-can-sesparta\/\" title=\"Apartamento Can S\" esparta=\"\" en=\"\" ibiza'=\"\" target=\"_top\">Vacances lloguer pot S&#8217; Esparta Eivissa<\/a> <font lang=\"ca\">A alguns km 1.08.<\/li>\n<li><font lang=\"ca\"><a href=\"https:\/blogs\/villiza-sunset\/\" title=\"Villiza Sunset en Ibiza\" target=\"_top\" rel=\"noopener noreferrer\">Posta de sol Villiza Ibiza<\/a> <font lang=\"ca\">Aproximadament 1,1 quil\u00f2metres.<\/li>\n<li><font lang=\"ca\"><a href=\"https:\/blogs\/can-villiza\/\" title=\"Can Villiza Ibiza\" target=\"_top\" rel=\"noopener noreferrer\">Pot Villiza<\/a> <font lang=\"ca\">A uns 1.11 km.<\/li>\n<li><font lang=\"ca\"><a href=\"https:\/blogs\/studios-vadella-pueblo\/\" title=\"Studios Vadella Pueblo en Ibiza\" target=\"_top\" rel=\"noopener noreferrer\">Estudis Vadella Eivissa<\/a> <font lang=\"ca\">Aproximadament 1,2 quil\u00f2metres.<\/li>\n<li><font lang=\"ca\"><a href=\"https:\/blogs\/villa-in-cala-vadella-vii\/\" title=\"Villa in Cala Vadella VII en Ibiza\" target=\"_top\" rel=\"noopener noreferrer\">Casa de vacances a Cala Vadella Eivissa VII<\/a> <font lang=\"ca\">Aproximadament 1,2 quil\u00f2metres.<\/li>\n<\/ul>\n<p><\/span><\/p>\n","protected":false},"excerpt":{"rendered":"<p>Casa de vacances a Cala Vadella XVI est\u00e0 situat a la zona de Cala Vadella, a uns 16.06 km de la terminal de l&#8217;aeroport a l&#8217;illa d&#8217;Eivissa. Per arribar a l&#8217;allotjament li aconsellem que llogueu el vostre cotxe a Eivissa a Eivissa en solitari. Informaci\u00f3 sobre Villa en Cala Vadella XVI Casa de vacances a [&hellip;]<\/p>\n","protected":false},"author":1,"featured_media":27476,"comment_status":"open","ping_status":"open","sticky":false,"template":"","format":"standard","meta":{"_acf_changed":false,"footnotes":""},"categories":[1],"tags":[],"class_list":["post-27474","post","type-post","status-publish","format-standard","has-post-thumbnail","hentry","category-sin-categoria"],"acf":[],"_links":{"self":[{"href":"https:\/\/soloibiza.com\/ca\/wp-json\/wp\/v2\/posts\/27474","targetHints":{"allow":["GET"]}}],"collection":[{"href":"https:\/\/soloibiza.com\/ca\/wp-json\/wp\/v2\/posts"}],"about":[{"href":"https:\/\/soloibiza.com\/ca\/wp-json\/wp\/v2\/types\/post"}],"author":[{"embeddable":true,"href":"https:\/\/soloibiza.com\/ca\/wp-json\/wp\/v2\/users\/1"}],"replies":[{"embeddable":true,"href":"https:\/\/soloibiza.com\/ca\/wp-json\/wp\/v2\/comments?post=27474"}],"version-history":[{"count":0,"href":"https:\/\/soloibiza.com\/ca\/wp-json\/wp\/v2\/posts\/27474\/revisions"}],"wp:featuredmedia":[{"embeddable":true,"href":"https:\/\/soloibiza.com\/ca\/wp-json\/wp\/v2\/media\/27476"}],"wp:attachment":[{"href":"https:\/\/soloibiza.com\/ca\/wp-json\/wp\/v2\/media?parent=27474"}],"wp:term":[{"taxonomy":"category","embeddable":true,"href":"https:\/\/soloibiza.com\/ca\/wp-json\/wp\/v2\/categories?post=27474"},{"taxonomy":"post_tag","embeddable":true,"href":"https:\/\/soloibiza.com\/ca\/wp-json\/wp\/v2\/tags?post=27474"}],"curies":[{"name":"wp","href":"https:\/\/api.w.org\/{rel}","templated":true}]}}