{"id":26046,"date":"2017-02-05T09:59:55","date_gmt":"2017-02-05T08:59:55","guid":{"rendered":"https:\/?p=26046\/"},"modified":"2020-10-17T17:11:05","modified_gmt":"2020-10-17T15:11:05","slug":"apartaments-las-boes-opinions-i-reserva","status":"publish","type":"post","link":"https:\/\/soloibiza.com\/ca\/apartaments-las-boes-opinions-i-reserva\/","title":{"rendered":"Apartaments Las boes a Eivissa ciutat, vistes i reserva"},"content":{"rendered":"\n<div id=\"hotel\">\n<p><font lang=\"ca\">Boes est\u00e0 situat a la zona de Talamanca, a uns 9.45 km de la terminal de l&#8217;aeroport a l&#8217;illa d&#8217;Eivissa. <font lang=\"ca\">Per moure a l&#8217;allotjament t&#8217;aconsellem que reservar un cotxe a Eivissa en solitari.<\/p>\n<h2 class=\"claro\" lang=\"ca\">Informaci\u00f3 d&#8217;apartaments boes<\/h2>\n<div itemscope=\"\" itemtype=\"https:\/\/schema.org\/Hotel\"><strong><span itemprop=\"name\" lang=\"ca\">Boes<\/span><\/strong><\/p>\n<p itemprop=\"description\">\n<p><font lang=\"ca\"> Aportaci\u00f3: <meta itemprop=\"checkinTime\" content=\"15:00\"><font lang=\"ca\">15:00 <\/p>\n<p><font lang=\"ca\"> Sortida: <meta itemprop=\"checkoutTime\" content=\"12:00\"><font lang=\"ca\">12:00<\/p>\n<p><font lang=\"ca\"> Situat a <span itemprop=\"address\" itemscope=\"\" itemtype=\"https:\/\/data-vocabulary.org\/Address\"> <font lang=\"ca\"><span itemprop=\"street-address\">Passeig Joan Carlos em<\/span>, <span itemprop=\"locality\">Eivissa<\/span>, <span itemprop=\"region\">Illes Balears<\/span> <span itemprop=\"country\">Espanya<\/span> <span itemprop=\"postal-code\">07800<\/span>  <\/p>\n<div itemprop=\"geo\" itemscope=\"\" itemtype=\"https:\/\/schema.org\/GeoCoordinates\"><meta itemprop=\"latitude\" content=\"38.915372865178\"><meta itemprop=\"longitude\" content=\"1.4441121441803\"><\/p>\n<p class=\"preenlace\"><font lang=\"ca\">Trobar els millors preus en les boes <a href=\"https:\/blogs\/las-boas\/\" target=\"_top\" class=\"\" rel=\"noopener noreferrer\"><span class=\"fondofecha\"><\/span><\/a><\/p>\n<form method=\"get\" action=\"https:\/blogs\/opiniones\/las-boas\/\" target=\"_top\"><input value=\"Buscar habitaci\u00f3n\" type=\"submit\"><input name=\"from\" value=\"\" type=\"hidden\"><input name=\"to\" value=\"ca\" type=\"hidden\"><input name=\"a\" value=\"https:\/blogs\/opiniones\/las-boas\" type=\"hidden\"><input name=\"f\" value=\"1\" type=\"hidden\"><\/form>\n<p><a itemprop=\"hasMap\" href=\"https:\/\/www.google.com\/maps?ie=UTF8%26hq%26ll=38.915372865178%2C1.4441121441803%26z=18\" target=\"_top\" lang=\"ca\" rel=\"noopener noreferrer\"> Veure al mapa.<\/a><\/p>\n<p><img decoding=\"async\" src=\"https:\/\/raw.githubusercontent.com\/soloibiza\/solo-ibiza\/master\/las-boas\/apartamentos-las-boas-reverva.jpg\" alt=\"Apartamentos Las Boas reverva\" title=\"\"><\/p>\n<h2 class=\"claro\" lang=\"ca\">Serveis comuns en apartaments Las boes<\/h2>\n<p><font style=\"color: rgb(15, 15, 95); background-color: rgb(240, 240, 160);\" lang=\"ca\">A continuaci\u00f3 us mostrem una llista de serveis en Las boes presentat per tipus d&#8217;apartaments. <font lang=\"ca\">Vost\u00e8 ser\u00e0 capa\u00e7 de seleccionar &#8216; allotjament Quan envieu la cerca.<\/p>\n<h3 lang=\"ca\">General<\/h3>\n<ul>\n<li itemprop=\"amenityFeature\" itemscope=\"\" itemtype=\"https:\/\/schema.org\/LocationFeatureSpecification\"><span itemprop=\"name\" lang=\"ca\">Disposa d&#8217;aparcament<\/span> <meta itemprop=\"value\" content=\"True\"><\/li>\n<li itemprop=\"amenityFeature\" itemscope=\"\" itemtype=\"https:\/\/schema.org\/LocationFeatureSpecification\"><span itemprop=\"name\" lang=\"ca\">Amb aparcament gratu\u00eft<\/span> <meta itemprop=\"value\" content=\"True\"><\/li>\n<li itemprop=\"amenityFeature\" itemscope=\"\" itemtype=\"https:\/\/schema.org\/LocationFeatureSpecification\"><span itemprop=\"name\" lang=\"ca\">Allotjament amb aparcament<\/span> <meta itemprop=\"value\" content=\"True\"><\/li>\n<li itemprop=\"amenityFeature\" itemscope=\"\" itemtype=\"https:\/\/schema.org\/LocationFeatureSpecification\"><span itemprop=\"name\" lang=\"ca\">Ofereix aparcament privat<\/span> <meta itemprop=\"value\" content=\"True\"><\/li>\n<li itemprop=\"amenityFeature\" itemscope=\"\" itemtype=\"https:\/\/schema.org\/LocationFeatureSpecification\"><span itemprop=\"name\" lang=\"ca\">Allotjament amb Wi-Fi<\/span> <meta itemprop=\"value\" content=\"True\"><\/li>\n<\/ul>\n<h3 lang=\"ca\">Activitats<\/h3>\n<ul>\n<li itemprop=\"amenityFeature\" itemscope=\"\" itemtype=\"https:\/\/schema.org\/LocationFeatureSpecification\"><span itemprop=\"name\" lang=\"ca\">Camps de golf a prop<\/span> <meta itemprop=\"value\" content=\"True\"><\/li>\n<li itemprop=\"amenityFeature\" itemscope=\"\" itemtype=\"https:\/\/schema.org\/LocationFeatureSpecification\"><span itemprop=\"name\" lang=\"ca\">Instal\u00b7lacions per a la pesca<\/span> <meta itemprop=\"value\" content=\"True\"><\/li>\n<li itemprop=\"amenityFeature\" itemscope=\"\" itemtype=\"https:\/\/schema.org\/LocationFeatureSpecification\"><span itemprop=\"name\" lang=\"ca\">Instal\u00b7lacions per practicar windsurf<\/span> <meta itemprop=\"value\" content=\"True\"><\/li>\n<li itemprop=\"amenityFeature\" itemscope=\"\" itemtype=\"https:\/\/schema.org\/LocationFeatureSpecification\"><span itemprop=\"name\" lang=\"ca\">Instal\u00b7lacions per practicar el canotatge<\/span> <meta itemprop=\"value\" content=\"True\"><\/li>\n<li itemprop=\"amenityFeature\" itemscope=\"\" itemtype=\"https:\/\/schema.org\/LocationFeatureSpecification\"><span itemprop=\"name\" lang=\"ca\">Instal\u00b7lacions per practicar el submarinisme<\/span> <meta itemprop=\"value\" content=\"True\"><\/li>\n<li itemprop=\"amenityFeature\" itemscope=\"\" itemtype=\"https:\/\/schema.org\/LocationFeatureSpecification\"><span itemprop=\"name\" lang=\"ca\">Instal\u00b7lacions per practicar el Snorkel<\/span> <meta itemprop=\"value\" content=\"True\"><\/li>\n<li itemprop=\"amenityFeature\" itemscope=\"\" itemtype=\"https:\/\/schema.org\/LocationFeatureSpecification\"><span itemprop=\"name\" lang=\"ca\">Instal\u00b7lacions per a esports aqu\u00e0tics<\/span> <meta itemprop=\"value\" content=\"True\"><\/li>\n<li itemprop=\"amenityFeature\" itemscope=\"\" itemtype=\"https:\/\/schema.org\/LocationFeatureSpecification\"><span itemprop=\"name\" lang=\"ca\">Disposa de parc aqu\u00e0tic<\/span> <meta itemprop=\"value\" content=\"True\"><\/li>\n<li itemprop=\"amenityFeature\" itemscope=\"\" itemtype=\"https:\/\/schema.org\/LocationFeatureSpecification\"><span itemprop=\"name\" lang=\"ca\">Platja properes<\/span> <meta itemprop=\"value\" content=\"True\"><\/li>\n<\/ul>\n<h3 lang=\"ca\">Serveis<\/h3>\n<ul>\n<li itemprop=\"amenityFeature\" itemscope=\"\" itemtype=\"https:\/\/schema.org\/LocationFeatureSpecification\"><span itemprop=\"name\" lang=\"ca\">Amb acc\u00e9s a Internet<\/span> <meta itemprop=\"value\" content=\"True\"><\/li>\n<li itemprop=\"amenityFeature\" itemscope=\"\" itemtype=\"https:\/\/schema.org\/LocationFeatureSpecification\"><span itemprop=\"name\" lang=\"ca\">Servei de WiFi disponible<\/span> <meta itemprop=\"value\" content=\"True\"><\/li>\n<li itemprop=\"amenityFeature\" itemscope=\"\" itemtype=\"https:\/\/schema.org\/LocationFeatureSpecification\"><span itemprop=\"name\" lang=\"ca\">Disposa de Wi-Fi gratu\u00efta<\/span> <meta itemprop=\"value\" content=\"True\"><\/li>\n<\/ul>\n<h3 lang=\"ca\">Menjar i beure<\/h3>\n<ul>\n<li itemprop=\"amenityFeature\" itemscope=\"\" itemtype=\"https:\/\/schema.org\/LocationFeatureSpecification\"><span itemprop=\"name\" lang=\"ca\">T\u00e9 un restaurant a la carta<\/span> <meta itemprop=\"value\" content=\"True\"><\/li>\n<\/ul>\n<h3 lang=\"ca\">Piscina i benestar<\/h3>\n<ul>\n<li itemprop=\"amenityFeature\" itemscope=\"\" itemtype=\"https:\/\/schema.org\/LocationFeatureSpecification\"><span itemprop=\"name\" lang=\"ca\">Disponibilitat de Sauna<\/span> <meta itemprop=\"value\" content=\"True\"><\/li>\n<li itemprop=\"amenityFeature\" itemscope=\"\" itemtype=\"https:\/\/schema.org\/LocationFeatureSpecification\"><span itemprop=\"name\" lang=\"ca\">Gimn\u00e0s disponible<\/span> <meta itemprop=\"value\" content=\"True\"><\/li>\n<li itemprop=\"amenityFeature\" itemscope=\"\" itemtype=\"https:\/\/schema.org\/LocationFeatureSpecification\"><span itemprop=\"name\" lang=\"ca\">Disposa de Spa i Centre de benestar<\/span> <meta itemprop=\"value\" content=\"True\"><\/li>\n<li itemprop=\"amenityFeature\" itemscope=\"\" itemtype=\"https:\/\/schema.org\/LocationFeatureSpecification\"><span itemprop=\"name\" lang=\"ca\">Servei de massatges<\/span> <meta itemprop=\"value\" content=\"True\"><\/li>\n<li itemprop=\"amenityFeature\" itemscope=\"\" itemtype=\"https:\/\/schema.org\/LocationFeatureSpecification\"><span itemprop=\"name\" lang=\"ca\">Disposa de piscina exterior<\/span> <meta itemprop=\"value\" content=\"True\"><\/li>\n<li itemprop=\"amenityFeature\" itemscope=\"\" itemtype=\"https:\/\/schema.org\/LocationFeatureSpecification\"><span itemprop=\"name\" lang=\"ca\">Disposa d&#8217;espai privat a la platja<\/span> <meta itemprop=\"value\" content=\"True\"><\/li>\n<li itemprop=\"amenityFeature\" itemscope=\"\" itemtype=\"https:\/\/schema.org\/LocationFeatureSpecification\"><span itemprop=\"name\" lang=\"ca\">Situat davant de la platja<\/span> <meta itemprop=\"value\" content=\"True\"><\/li>\n<li itemprop=\"amenityFeature\" itemscope=\"\" itemtype=\"https:\/\/schema.org\/LocationFeatureSpecification\"><span itemprop=\"name\" lang=\"ca\">Hi ha piscina<\/span> <meta itemprop=\"value\" content=\"True\"><\/li>\n<\/ul>\n<h3 lang=\"ca\">Transport<\/h3>\n<ul>\n<li itemprop=\"amenityFeature\" itemscope=\"\" itemtype=\"https:\/\/schema.org\/LocationFeatureSpecification\"><span itemprop=\"name\" lang=\"ca\">Servei de trasllat a l&#8217;aeroport<\/span> <meta itemprop=\"value\" content=\"True\"><\/li>\n<li itemprop=\"amenityFeature\" itemscope=\"\" itemtype=\"https:\/\/schema.org\/LocationFeatureSpecification\"><span itemprop=\"name\" lang=\"ca\">Disponibilitat de bicicletes a paga<\/span> <meta itemprop=\"value\" content=\"True\"><\/li>\n<li itemprop=\"amenityFeature\" itemscope=\"\" itemtype=\"https:\/\/schema.org\/LocationFeatureSpecification\"><span itemprop=\"name\" lang=\"ca\">Transfer\u00e8ncia a l&#8217;aeroport de serveis de pagament<\/span> <meta itemprop=\"value\" content=\"True\"><\/li>\n<\/ul>\n<h3 lang=\"ca\">Zones comunes<\/h3>\n<ul>\n<li itemprop=\"amenityFeature\" itemscope=\"\" itemtype=\"https:\/\/schema.org\/LocationFeatureSpecification\"><span itemprop=\"name\" lang=\"ca\">Disposa de jard\u00ed<\/span> <meta itemprop=\"value\" content=\"True\"><\/li>\n<li itemprop=\"amenityFeature\" itemscope=\"\" itemtype=\"https:\/\/schema.org\/LocationFeatureSpecification\"><span itemprop=\"name\" lang=\"ca\">Disposa de terrassa<\/span> <meta itemprop=\"value\" content=\"True\"><\/li>\n<li itemprop=\"amenityFeature\" itemscope=\"\" itemtype=\"https:\/\/schema.org\/LocationFeatureSpecification\"><span itemprop=\"name\" lang=\"ca\">Terrassa disponible o el sol\u00e0rium de l&#8217;establiment<\/span> <meta itemprop=\"value\" content=\"True\"><\/li>\n<\/ul>\n<h3 lang=\"ca\">Serveis de neteja<\/h3>\n<ul>\n<li itemprop=\"amenityFeature\" itemscope=\"\" itemtype=\"https:\/\/schema.org\/LocationFeatureSpecification\"><span itemprop=\"name\" lang=\"ca\">Servei de planxa<\/span> <meta itemprop=\"value\" content=\"True\"><\/li>\n<li itemprop=\"amenityFeature\" itemscope=\"\" itemtype=\"https:\/\/schema.org\/LocationFeatureSpecification\"><span itemprop=\"name\" lang=\"ca\">Servei de neteja diari<\/span> <meta itemprop=\"value\" content=\"True\"><\/li>\n<\/ul>\n<h3 lang=\"ca\">Diversos<\/h3>\n<ul>\n<li itemprop=\"amenityFeature\" itemscope=\"\" itemtype=\"https:\/\/schema.org\/LocationFeatureSpecification\"><span itemprop=\"name\" lang=\"ca\">Hi ha habitacions familiars<\/span> <meta itemprop=\"value\" content=\"True\"><\/li>\n<li itemprop=\"amenityFeature\" itemscope=\"\" itemtype=\"https:\/\/schema.org\/LocationFeatureSpecification\"><span itemprop=\"name\" lang=\"ca\">D&#8217;habitaci\u00f3 VIP<\/span> <meta itemprop=\"value\" content=\"True\"><\/li>\n<li itemprop=\"amenityFeature\" itemscope=\"\" itemtype=\"https:\/\/schema.org\/LocationFeatureSpecification\"><span itemprop=\"name\" lang=\"ca\">Disposa d&#8217;aire condicionat<\/span> <meta itemprop=\"value\" content=\"True\"><\/li>\n<\/ul>\n<p><img decoding=\"async\" alt=\"Apartamentos Las Boas opiniones\" src=\"https:\/\/raw.githubusercontent.com\/soloibiza\/solo-ibiza\/master\/las-boas\/apartamentos-las-boas-opiniones.jpg\" title=\"\"><\/p>\n<p class=\"enlacerojo\"><a href=\"https:\/blogs\/las-boas\/\" target=\"_top\" class=\"opinionesyreserva\" lang=\"ca\" rel=\"noopener noreferrer\">Informaci\u00f3 i reserves<\/a><\/p>\n<h2 class=\"claro\" lang=\"ca\">Video dels apartaments boes<\/h2>\n<p><font lang=\"ca\">Ara ser\u00e0 capa\u00e7 de veure a pantalla completa Youtube video dels Apartaments Las boes . <font lang=\"ca\">Tenim a la vostra disposici\u00f3 una llista completa dels <a href=\"https:\/\/www.youtube.com\/playlist?list=PL0DiEIMdOY4MHdLl93tg5EHCB8pcAsIws\" target=\"_top\" rel=\"noopener noreferrer\">millors hotels<\/a> de v\u00eddeos<\/p>\n<h2 class=\"claro\" lang=\"ca\">Com es mogui&#8217;s avall de Ibiza Airport a Apartaments Las boes en el seu cotxe de lloguer<\/h2>\n<p><font lang=\"ca\">Vost\u00e8 pot imprimir aquestes direccions al seu dest\u00ed en apartaments boes si encara no teniu vehicle propi assessorarem per fer una reserva al nostre lloc web <a href=\"https:\/\/alquilercochesibiza.soloibiza.com\/\" title=\"alquiler de coche econ\u00f3mico en Ibiza\" target=\"_top\" rel=\"noopener noreferrer\">d&#8217;econ\u00f2miques de lloguer de cotxes Ibiza<\/a>.<\/p>\n<ol class=\"despliega\">\n<li lang=\"ca\">Anar al <b>sud-est<\/b><\/li>\n<li lang=\"ca\">Sal de la rotonda en la <b>CTRA Circunvalacion Eivissa<\/b><\/li>\n<li lang=\"ca\">Segueix <b>E-20<\/b><\/li>\n<li lang=\"ca\">Agafar la sortida cap a la <b>Zona Industrial<\/b><\/li>\n<li lang=\"ca\">Seguir el <b>Carrer de Calcalde Bartomeu Rossell\u00f3 sala<\/b><\/li>\n<li lang=\"ca\">A la rotonda, agafeu la <b>segona<\/b> sortida<\/li>\n<li><font lang=\"ca\">A la rotonda, agafi la <b>tercera<\/b> sortida en direcci\u00f3 <b>Passeig Joan Carles<\/b>\n<div style=\"font-size:0.9em\" lang=\"ca\">El dest\u00ed \u00e9s a la dreta.<\/li>\n<\/ol>\n<h2 class=\"claro\" lang=\"ca\">Hotels a prop de Las boes<\/h2>\n<p lang=\"ca\">Si hi ha disponibilitat a Las boes o preferiu m\u00e9s opcions, vost\u00e8 ser\u00e0 capa\u00e7 de localitzar els hotels a l&#8217;entorn de la llista seg\u00fcent. <\/p>\n<ul class=\"listasinscroll\">\n<li><font lang=\"ca\"><a href=\"https:\/blogs\/las-boas-resort-ibiza-sea-view\/\" title=\"Las Boas Resort Ibiza sea view Ibiza\" target=\"_top\" rel=\"noopener noreferrer\">Las boes Resort Eivissa sobre el mar<\/a> <font lang=\"ca\">Uns 40 metres.<\/li>\n<li><font lang=\"ca\"><a href=\"https:\/blogs\/apartamento-boas-de-ibiza\" title=\"Apartamento Boas de Ibiza en Ibiza\" target=\"_top\" rel=\"noopener noreferrer\">Pis Ibiza boes<\/a> <font lang=\"ca\">73 metres.<\/li>\n<li><font lang=\"ca\"><a href=\"https:\/blogs\/thesuites-ibiza-las-boas-apartments\/\" title=\"thesuites Ibiza Las Boas Apartments Ibiza\" target=\"_top\" rel=\"noopener noreferrer\">thesuites Eivissa Las boes apartaments Eivissa<\/a> <font lang=\"ca\">Uns 90 metres.<\/li>\n<li><font lang=\"ca\"><a href=\"https:\/blogs\/alexmar\/\" title=\"Alexmar Ibiza\" target=\"_top\" rel=\"noopener noreferrer\">Alexmar Eivissa<\/a> <font lang=\"ca\">112 metres.<\/li>\n<li><font lang=\"ca\"><a href=\"https:\/blogs\/apartment-miramar\/\" title=\"Apartment Miramar Ibiza\" target=\"_top\" rel=\"noopener noreferrer\">Reserves en apartament Miramar<\/a> <font lang=\"ca\">Uns 120 metres.<\/li>\n<li><font lang=\"ca\"><a href=\"https:\/blogs\/beautiful-apartments-patio-blanco\/\" title=\"Beautiful apartments Patio Blanco en Ibiza\" target=\"_top\" rel=\"noopener noreferrer\">Apartaments pati vistes boniques blanc<\/a> <font lang=\"ca\">147 metres.<\/li>\n<li><font lang=\"ca\"><a href=\"https:\/blogs\/apartment-ibiza\/\" title=\"Apartment Ibiza Ibiza\" target=\"_top\" rel=\"noopener noreferrer\">Pis Ibiza Ibiza<\/a> <font lang=\"ca\">Uns 175 metres.<\/li>\n<li><font lang=\"ca\"><a href=\"https:\/blogs\/the-marina-botafoch-garden\/\" title=\"The Marina Botafoch Garden\" target=\"_top\" rel=\"noopener noreferrer\">El jard\u00ed de Marina Botafoch<\/a> <font lang=\"ca\">201 metres.<\/li>\n<li><font lang=\"ca\"><a href=\"https:\/blogs\/thesuites-ibiza-apartments\/\" title=\"thesuites Ibiza Apartments en Ibiza\" target=\"_top\" rel=\"noopener noreferrer\">Reserves a thesuites apartaments Eivissa<\/a> <font lang=\"ca\">208 metres.<\/li>\n<li><font lang=\"ca\"><a href=\"https:\/blogs\/el-hotel-pacha\/\" title=\"El Hotel Pacha en Ibiza\" target=\"_top\" rel=\"noopener noreferrer\">Hotel Pacha Ibiza<\/a> <font lang=\"ca\">213 metres.<\/li>\n<li><font lang=\"ca\"><a href=\"https:\/blogs\/apartment-marina-botafoch\/\" title=\"Apartment Marina Botafoch\" target=\"_top\" rel=\"noopener noreferrer\">Apartament Marina Botafoch Eivissa<\/a> <font lang=\"ca\">298 metres.<\/li>\n<li><font lang=\"ca\"><a href=\"https:\/blogs\/bon-viure\/\" title=\"Bon Viure en Ibiza\" target=\"_top\" rel=\"noopener noreferrer\">Comentaris Bon Viure<\/a> <font lang=\"ca\">315 metres.<\/li>\n<li><font lang=\"ca\"><a href=\"https:\/blogs\/apartment-botafoch\/\" title=\"Apartment Botafoch\" target=\"_top\" rel=\"noopener noreferrer\">Apartament Botafoch<\/a> <font lang=\"ca\">375 metres.<\/li>\n<li><font lang=\"ca\"><a href=\"https:\/blogs\/ibiza-ocho-de-agosto\" title=\"Ibiza Ocho de Agosto en Ibiza\" target=\"_top\" rel=\"noopener noreferrer\">8 d&#8217;agost a Eivissa Ibiza<\/a> <font lang=\"ca\">404 metres.<\/li>\n<li><font lang=\"ca\"><a href=\"https:\/blogs\/luxe-ibiza\/\" title=\"Luxe Ibiza en Ibiza\" target=\"_top\" rel=\"noopener noreferrer\">Ibiza luxe a Eivissa<\/a> <font lang=\"ca\">421 metres.<\/li>\n<\/ul>\n<p><\/span><\/p>\n","protected":false},"excerpt":{"rendered":"<p>Boes est\u00e0 situat a la zona de Talamanca, a uns 9.45 km de la terminal de l&#8217;aeroport a l&#8217;illa d&#8217;Eivissa. Per moure a l&#8217;allotjament t&#8217;aconsellem que reservar un cotxe a Eivissa en solitari. Informaci\u00f3 d&#8217;apartaments boes Boes Aportaci\u00f3: 15:00 Sortida: 12:00 Situat a Passeig Joan Carlos em, Eivissa, Illes Balears Espanya 07800 Trobar els millors [&hellip;]<\/p>\n","protected":false},"author":1,"featured_media":26048,"comment_status":"open","ping_status":"open","sticky":false,"template":"","format":"standard","meta":{"_acf_changed":false,"footnotes":""},"categories":[1],"tags":[],"class_list":["post-26046","post","type-post","status-publish","format-standard","has-post-thumbnail","hentry","category-sin-categoria"],"acf":[],"_links":{"self":[{"href":"https:\/\/soloibiza.com\/ca\/wp-json\/wp\/v2\/posts\/26046","targetHints":{"allow":["GET"]}}],"collection":[{"href":"https:\/\/soloibiza.com\/ca\/wp-json\/wp\/v2\/posts"}],"about":[{"href":"https:\/\/soloibiza.com\/ca\/wp-json\/wp\/v2\/types\/post"}],"author":[{"embeddable":true,"href":"https:\/\/soloibiza.com\/ca\/wp-json\/wp\/v2\/users\/1"}],"replies":[{"embeddable":true,"href":"https:\/\/soloibiza.com\/ca\/wp-json\/wp\/v2\/comments?post=26046"}],"version-history":[{"count":0,"href":"https:\/\/soloibiza.com\/ca\/wp-json\/wp\/v2\/posts\/26046\/revisions"}],"wp:featuredmedia":[{"embeddable":true,"href":"https:\/\/soloibiza.com\/ca\/wp-json\/wp\/v2\/media\/26048"}],"wp:attachment":[{"href":"https:\/\/soloibiza.com\/ca\/wp-json\/wp\/v2\/media?parent=26046"}],"wp:term":[{"taxonomy":"category","embeddable":true,"href":"https:\/\/soloibiza.com\/ca\/wp-json\/wp\/v2\/categories?post=26046"},{"taxonomy":"post_tag","embeddable":true,"href":"https:\/\/soloibiza.com\/ca\/wp-json\/wp\/v2\/tags?post=26046"}],"curies":[{"name":"wp","href":"https:\/\/api.w.org\/{rel}","templated":true}]}}