{"id":25903,"date":"2017-02-02T06:01:44","date_gmt":"2017-02-02T05:01:44","guid":{"rendered":"https:\/?p=25903\/"},"modified":"2020-10-13T20:29:19","modified_gmt":"2020-10-13T18:29:19","slug":"lhostal-pot-puig-opinions-i-reserva","status":"publish","type":"post","link":"https:\/\/soloibiza.com\/ca\/lhostal-pot-puig-opinions-i-reserva\/","title":{"rendered":"L&#8217;Hostal pot Puig a Eivissa ciutat, vistes i reserva"},"content":{"rendered":"\n<div id=\"hotel\">\n<p><font lang=\"ca\">Pot Puig est\u00e0 situat a la zona de <em>Nostra Senyora de Jes\u00fas<\/em>, uns 11,5 quil\u00f2metres de la terminal de l&#8217;aeroport a l&#8217;illa d&#8217;Eivissa. <font lang=\"ca\">Per anar al seu allotjament recomanam contractar un cotxe a Soloibiza.com.<\/p>\n<h2 class=\"claro\" lang=\"ca\">Informaci\u00f3 alberg pot Puig<\/h2>\n<div itemscope=\"\" itemtype=\"https:\/\/schema.org\/Hotel\"><strong><span itemprop=\"name\" lang=\"ca\">Es Puig<\/span><\/strong><\/p>\n<p itemprop=\"description\">\n<p><font lang=\"ca\"> Aportaci\u00f3: <meta itemprop=\"checkinTime\" content=\"16:00\"><font lang=\"ca\">16:00 <\/p>\n<p><font lang=\"ca\"> Sortida: <meta itemprop=\"checkoutTime\" content=\"10:00\"><font lang=\"ca\">10:00<\/p>\n<p><font lang=\"ca\"> Situat a <span itemprop=\"address\" itemscope=\"\" itemtype=\"https:\/\/data-vocabulary.org\/Address\"> <font lang=\"ca\"><span itemprop=\"street-address\">Carrer de Puig dem Vi\u00f1ets, 16<\/span>, <span itemprop=\"locality\">Eivissa<\/span>, <span itemprop=\"region\">Illes Balears<\/span> <span itemprop=\"country\">Espanya<\/span> <span itemprop=\"postal-code\">07819<\/span>  <\/p>\n<div itemprop=\"geo\" itemscope=\"\" itemtype=\"https:\/\/schema.org\/GeoCoordinates\"><meta itemprop=\"latitude\" content=\"38.91945\"><meta itemprop=\"longitude\" content=\"1.462375\"><\/p>\n<p class=\"preenlace\"><font lang=\"ca\">Trobar els millors preus en pot Puig <a href=\"https:\/blogs\/can-puig\/\" target=\"_top\" class=\"\" rel=\"noopener noreferrer\"><span class=\"fondofecha\"><\/span><\/a><\/p>\n<form method=\"get\" action=\"https:\/blogs\/opiniones\/can-puig\/\" target=\"_top\"><input value=\"Buscar habitaci\u00f3n\" type=\"submit\"><input name=\"from\" value=\"\" type=\"hidden\"><input name=\"to\" value=\"ca\" type=\"hidden\"><input name=\"a\" value=\"https:\/blogs\/opiniones\/can-puig\" type=\"hidden\"><input name=\"f\" value=\"1\" type=\"hidden\"><\/form>\n<p><a itemprop=\"hasMap\" href=\"https:\/\/www.google.com\/maps?ie=UTF8%26hq%26ll=38.91945%2C1.462375%26z=18\" target=\"_top\" lang=\"ca\" rel=\"noopener noreferrer\"> Veure al mapa.<\/a><\/p>\n<p><img decoding=\"async\" src=\"https:\/\/raw.githubusercontent.com\/soloibiza\/solo-ibiza\/master\/can-puig\/hostal-can-puig-reverva.jpg\" alt=\"Hostal Can Puig reverva\" title=\"\"><\/p>\n<h2 class=\"claro\" lang=\"ca\">Serveis comuns a l&#8217;Hostal pot Puig<\/h2>\n<p><font lang=\"ca\">Per la seva informaci\u00f3 ens mostren que una llista de serveis a l&#8217;Hostal pot Puig presentat per tipus. <font lang=\"ca\">Vost\u00e8 ser\u00e0 capa\u00e7 de triar la vostra habitaci\u00f3 per posar en marxa la seva investigaci\u00f3.<\/p>\n<h3 lang=\"ca\">General<\/h3>\n<ul>\n<li itemprop=\"amenityFeature\" itemscope=\"\" itemtype=\"https:\/\/schema.org\/LocationFeatureSpecification\"><span itemprop=\"name\" lang=\"ca\">Disposa d&#8217;aparcament<\/span> <meta itemprop=\"value\" content=\"True\"><\/li>\n<li itemprop=\"amenityFeature\" itemscope=\"\" itemtype=\"https:\/\/schema.org\/LocationFeatureSpecification\"><span itemprop=\"name\" lang=\"ca\">Amb aparcament gratu\u00eft<\/span> <meta itemprop=\"value\" content=\"True\"><\/li>\n<li itemprop=\"amenityFeature\" itemscope=\"\" itemtype=\"https:\/\/schema.org\/LocationFeatureSpecification\"><span itemprop=\"name\" lang=\"ca\">Allotjament amb aparcament<\/span> <meta itemprop=\"value\" content=\"True\"><\/li>\n<li itemprop=\"amenityFeature\" itemscope=\"\" itemtype=\"https:\/\/schema.org\/LocationFeatureSpecification\"><span itemprop=\"name\" lang=\"ca\">Ofereix aparcament privat<\/span> <meta itemprop=\"value\" content=\"True\"><\/li>\n<\/ul>\n<h3 lang=\"ca\">Serveis<\/h3>\n<ul>\n<li itemprop=\"amenityFeature\" itemscope=\"\" itemtype=\"https:\/\/schema.org\/LocationFeatureSpecification\"><span itemprop=\"name\" lang=\"ca\">Amb acc\u00e9s a Internet<\/span> <meta itemprop=\"value\" content=\"True\"><\/li>\n<li itemprop=\"amenityFeature\" itemscope=\"\" itemtype=\"https:\/\/schema.org\/LocationFeatureSpecification\"><span itemprop=\"name\" lang=\"ca\">Servei de WiFi disponible<\/span> <meta itemprop=\"value\" content=\"True\"><\/li>\n<li itemprop=\"amenityFeature\" itemscope=\"\" itemtype=\"https:\/\/schema.org\/LocationFeatureSpecification\"><span itemprop=\"name\" lang=\"ca\">Disposa de Wi-Fi gratu\u00efta<\/span> <meta itemprop=\"value\" content=\"True\"><\/li>\n<\/ul>\n<h3 lang=\"ca\">Menjar i beure<\/h3>\n<ul>\n<li itemprop=\"amenityFeature\" itemscope=\"\" itemtype=\"https:\/\/schema.org\/LocationFeatureSpecification\"><span itemprop=\"name\" lang=\"ca\">Disponibilitat de barbacoa<\/span> <meta itemprop=\"value\" content=\"True\"><\/li>\n<\/ul>\n<h3 lang=\"ca\">Piscina i benestar<\/h3>\n<ul>\n<li itemprop=\"amenityFeature\" itemscope=\"\" itemtype=\"https:\/\/schema.org\/LocationFeatureSpecification\"><span itemprop=\"name\" lang=\"ca\">Terrassa \/ sol\u00e0rium<\/span> <meta itemprop=\"value\" content=\"True\"><\/li>\n<li itemprop=\"amenityFeature\" itemscope=\"\" itemtype=\"https:\/\/schema.org\/LocationFeatureSpecification\"><span itemprop=\"name\" lang=\"ca\">Disposa de piscina exterior<\/span> <meta itemprop=\"value\" content=\"True\"><\/li>\n<li itemprop=\"amenityFeature\" itemscope=\"\" itemtype=\"https:\/\/schema.org\/LocationFeatureSpecification\"><span itemprop=\"name\" lang=\"ca\">Hi ha piscina<\/span> <meta itemprop=\"value\" content=\"True\"><\/li>\n<\/ul>\n<p><img decoding=\"async\" alt=\"Hostal Can Puig opiniones\" src=\"https:\/\/raw.githubusercontent.com\/soloibiza\/solo-ibiza\/master\/can-puig\/hostal-can-puig-opiniones.jpg\" title=\"\"><\/p>\n<h2 class=\"claro\" lang=\"ca\">Habitacions disponibles al Puig pot<\/h2>\n<p lang=\"ca\">Aqu\u00ed podeu veure algunes de les habitacions disponibles en Puig pot amb una llista de serveis. <\/p>\n<h3 itemprop=\"numberOfRooms\" itemscope=\"\" itemtype=\"https:\/\/schema.org\/QuantitativeValue\"><font lang=\"ca\"><span itemprop=\"unitText\">Chalet<\/span> <font lang=\"ca\"><span itemprop=\"priceCurrency\">1<\/span> doble (s) gran. <font lang=\"ca\">M\u00e0xim 5 persona (s)<\/h3>\n<ul>\n<li lang=\"ca\"> Bany amb dutxa <\/li>\n<li lang=\"ca\"> Bany amb banyera <\/li>\n<li lang=\"ca\"> TDT <\/li>\n<li lang=\"ca\"> Televisi\u00f3 disponible <\/li>\n<li lang=\"ca\"> Climatitzaci\u00f3 \/ aire condicionat <\/li>\n<li lang=\"ca\"> Equipat amb assecador de cabell <\/li>\n<li lang=\"ca\"> Amb banyera d&#8217;hidromassatge <\/li>\n<li lang=\"ca\"> T\u00e9 el ferro <\/li>\n<li lang=\"ca\"> Disponible amb balc\u00f3 <\/li>\n<li lang=\"ca\"> Amb r\u00e0dio disponible <\/li>\n<li lang=\"ca\"> Equipada amb nevera <\/li>\n<li lang=\"ca\"> Zona disponible <\/li>\n<li lang=\"ca\"> Equipades amb reproductor de Dvd <\/li>\n<li lang=\"ca\"> Disposen de reproductor de cd <\/li>\n<li lang=\"ca\"> Amb lavabo incl\u00f2s <\/li>\n<li lang=\"ca\"> Equipada amb microones <\/li>\n<li lang=\"ca\"> Rentaplats disponibles <\/li>\n<li lang=\"ca\"> Rentadora disponible <\/li>\n<li lang=\"ca\"> Perm\u00e8s bany <\/li>\n<li lang=\"ca\"> Equipat amb calefacci\u00f3 <\/li>\n<li lang=\"ca\"> Sat\u00e8l\u00b7lit estan disponibles <\/li>\n<li lang=\"ca\"> Equipat amb cuina <\/li>\n<li lang=\"ca\"> Televisi\u00f3 amb canals per cable <\/li>\n<li lang=\"ca\"> T\u00e9 banyera o dutxa <\/li>\n<li lang=\"ca\"> TV de pantalla plana <\/li>\n<li lang=\"ca\"> Equipat amb entrada privada <\/li>\n<li lang=\"ca\"> Sof\u00e0 disponible <\/li>\n<li lang=\"ca\"> Terres de rajoles com marbres <\/li>\n<li lang=\"ca\"> Disposa de menjador <\/li>\n<li lang=\"ca\"> Escalfador el\u00e8ctric <\/li>\n<li lang=\"ca\"> Equipat amb mosquitera <\/li>\n<li lang=\"ca\"> Disposa de piscina privada <\/li>\n<li lang=\"ca\"> Armaris disponibles <\/li>\n<li lang=\"ca\"> Forn ha <\/li>\n<li lang=\"ca\"> Equipada amb fogons <\/li>\n<li lang=\"ca\"> Torradora disponible <\/li>\n<li lang=\"ca\"> T\u00e9 barbacoa <\/li>\n<li lang=\"ca\"> T\u00e9 vista sobre el jard\u00ed <\/li>\n<li lang=\"ca\"> Amb vista sobre la piscina <\/li>\n<li lang=\"ca\"> Amb vistes a la muntanya <\/li>\n<li lang=\"ca\"> Disposa de productes de neteja <\/li>\n<li lang=\"ca\"> Disposa de cafetera <\/li>\n<li lang=\"ca\"> Habitaci\u00f3 amb terrassa <\/li>\n<li lang=\"ca\"> Disponibilitat de tovalloles <\/li>\n<li lang=\"ca\"> Disponibilitat de roba de llit <\/li>\n<li lang=\"ca\"> Disposa de taula de menjador <\/li>\n<li lang=\"ca\"> Disposa de mobles d&#8217;exterior <\/li>\n<li lang=\"ca\"> Disposa de zona de menjador exterior <\/li>\n<li lang=\"ca\"> Allotjament amb cuina <\/li>\n<li lang=\"ca\"> Hi ha un penjador <\/li>\n<\/ul>\n<p><img decoding=\"async\" alt=\"Hostal Can Puig booking\" src=\"https:\/\/raw.githubusercontent.com\/soloibiza\/solo-ibiza\/master\/can-puig\/hostal-can-puig-booking.jpg\" title=\"\"><\/p>\n<p class=\"enlacerojo\"><a href=\"https:\/blogs\/can-puig\/\" target=\"_top\" class=\"opinionesyreserva\" lang=\"ca\" rel=\"noopener noreferrer\">Informaci\u00f3 i reserves<\/a><\/p>\n<p><font lang=\"ca\"><a href=\"https:\/blogs\/villas-alquiler-ibiza-casas-rurales-chalets\/\" title=\"alquiler casa vacaciones ibiza\" target=\"_top\" rel=\"noopener noreferrer\">Ibiza masies de lloguer<\/a> que trobareu un extens cat\u00e0leg de cases de lloguer per setmanes a Eivissa amb les millors ofertes del mercat.<\/p>\n<h2 class=\"claro\" lang=\"ca\">V\u00eddeo de l&#8217;Hostal pot Puig<\/h2>\n<p><font lang=\"ca\">Si ho preferiu que podeu arribar l&#8217; alberg pot Puig v\u00eddeo a Youtube. <font lang=\"ca\">Us recordem que teniu una llista completa dels v\u00eddeos de <a href=\"https:\/\/www.youtube.com\/playlist?list=PL0DiEIMdOY4MHdLl93tg5EHCB8pcAsIws\" target=\"_top\" rel=\"noopener noreferrer\">allotjaments en Ibiza<\/a><\/p>\n<h2 class=\"claro\" lang=\"ca\">Com arribar des de l&#8217;aeroport d&#8217;Eivissa a l&#8217;Hostal pot Puig en el lloguer de cotxes<\/h2>\n<p><font lang=\"ca\">Vost\u00e8 pot imprimir aquestes instruccions per anar al seu dest\u00ed a l&#8217;Hostal pot Puig si no t\u00e9 el seu propi cotxe, li aconsellem que un llibre a la nostra web de <a href=\"https:\/\/alquilercochesibiza.soloibiza.com\/\" title=\"alquiler de veh\u00edculo en Ibiza\" target=\"_top\" rel=\"noopener noreferrer\">lloguer de cotxes a Eivissa<\/a>.<\/p>\n<ol class=\"despliega\">\n<li lang=\"ca\">Anar al <b>sud-est<\/b><\/li>\n<li lang=\"ca\">Sal de la rotonda en la <b>CTRA Circunvalacion Eivissa<\/b><\/li>\n<li lang=\"ca\">Segueix <b>E-20<\/b><\/li>\n<li lang=\"ca\">Agafar la sortida cap a <b>Puig d&#8217;en Valls<\/b>\/<b>Jesus<\/b>\/<b>Port<\/b>\/<b>Centre Ciutat<\/b><\/li>\n<li lang=\"ca\">Recta<\/li>\n<li lang=\"ca\">A la rotonda, agafi la <b>tercera<\/b> sortida en direcci\u00f3 <b>PMV-810-1<\/b><\/li>\n<li lang=\"ca\">A la rotonda, agafi la <b>primera<\/b> sortida i continuar per <b>PMV-810-1<\/b><\/li>\n<li lang=\"ca\">Girar a la <b>dreta<\/b> al <b>Carrer des Cap Martinet<\/b><\/li>\n<li><font lang=\"ca\">Es continua pel <b>Carrer de Jes\u00fas<\/b>\n<div style=\"font-size:0.9em\" lang=\"ca\">Passi una rotonda<\/li>\n<li lang=\"ca\">Al seu torn a l&#8217; <b>esquerra<\/b> cap a <b>Carrer Puig d&#8217; en Vinyets<\/b><\/li>\n<li><font lang=\"ca\">Girar a la <b>dreta<\/b> per continuar a <b>Carrer Puig d&#8217; en Vinyets<\/b>\n<div style=\"font-size:0.9em\" lang=\"ca\">El dest\u00ed \u00e9s a la dreta.<\/li>\n<\/ol>\n<h2 class=\"claro\" lang=\"ca\">Hotels a prop de es Puig<\/h2>\n<p lang=\"ca\">Si no pot Puig disponibilitat o preferiu m\u00e9s opcions, vost\u00e8 ser\u00e0 capa\u00e7 de localitzar altres establiments propers a la llista seg\u00fcent. <\/p>\n<ul class=\"listasinscroll\">\n<li><font lang=\"ca\"><a href=\"https:\/blogs\/holiday-home-jesus-with-fireplace-08\/\" title=\"Holiday Home Jesus with Fireplace 08\" target=\"_top\" rel=\"noopener noreferrer\">Reserves a casa de Jes\u00fas amb llar de foc 08<\/a> <font lang=\"ca\">A 5 metres.<\/li>\n<li><font lang=\"ca\"><a href=\"https:\/blogs\/casa-tita\/\" title=\"Casa Tita en Ibiza\" target=\"_top\" rel=\"noopener noreferrer\">Tita de casa a Eivissa<\/a> <font lang=\"ca\">Uns 7 metres.<\/li>\n<li><font lang=\"ca\"><a href=\"https:\/blogs\/od-talamanca\/\" title=\"OD Talamanca\" target=\"_top\" rel=\"noopener noreferrer\">OD Talamanca Eivissa<\/a> <font lang=\"ca\">101 metres.<\/li>\n<li><font lang=\"ca\"><a href=\"https:\/blogs\/hotel-simbad-ibiza-spa\/\" title=\"Hotel Simbad Ibiza &#038; Spa Ibiza\" target=\"_top\" rel=\"noopener noreferrer\">Hotel Simbad Ibiza &#038; Spa a Eivissa<\/a> <font lang=\"ca\">Uns 233 metres.<\/li>\n<li><font lang=\"ca\"><a href=\"https:\/blogs\/hotel-ses-figueres\/\" title=\"Hotel Ses Figueres\" target=\"_top\" rel=\"noopener noreferrer\">Hotel Ses Figueres<\/a> <font lang=\"ca\">Uns 317 metres.<\/li>\n<li><font lang=\"ca\"><a href=\"https:\/blogs\/apartamentos-casa-franziska\/\" title=\"Apartamentos Casa Franziska\" target=\"_top\" rel=\"noopener noreferrer\">Apartaments vistes House Franziska<\/a> <font lang=\"ca\">492 metres.<\/li>\n<li><font lang=\"ca\"><a href=\"https:\/blogs\/lux-isla\/\" title=\"Lux Isla en Ibiza\" target=\"_top\" rel=\"noopener noreferrer\">Comentaris Lux Isla<\/a> <font lang=\"ca\">527 metres.<\/li>\n<li><font lang=\"ca\"><a href=\"https:\/blogs\/vistillas-3\/\" title=\"Vistillas 3 Ibiza\" target=\"_top\" rel=\"noopener noreferrer\">3 vistillas Ibiza<\/a> <font lang=\"ca\">619 metres.<\/li>\n<li><font lang=\"ca\"><a href=\"https:\/blogs\/villa-julia\/\" title=\"Villa Julia Ibiza\" target=\"_top\" rel=\"noopener noreferrer\">Villa Julia Eivissa<\/a> <font lang=\"ca\">644 metres.<\/li>\n<li><font lang=\"ca\"><a href=\"https:\/blogs\/villa-jesus-ibiza\/\" title=\"Villa Jesus Ibiza Ibiza\" target=\"_top\" rel=\"noopener noreferrer\">Reserves a Villa Jes\u00fas Eivissa<\/a> <font lang=\"ca\">733 metres.<\/li>\n<li><font lang=\"ca\"><a href=\"https:\/blogs\/casa-lui\/\" title=\"Casa Lui Ibiza\" target=\"_top\" rel=\"noopener noreferrer\">Reserves de casa Lui<\/a> <font lang=\"ca\">734 metres.<\/li>\n<li><font lang=\"ca\"><a href=\"https:\/blogs\/can-pep-toni\/\" title=\"Can Pep Toni en Ibiza\" target=\"_top\" rel=\"noopener noreferrer\">Can Pep Toni<\/a> <font lang=\"ca\">753 metres.<\/li>\n<li><font lang=\"ca\"><a href=\"https:\/blogs\/destino-pacha-ibiza-resort\/\" title=\"Destino Pacha Ibiza Resort en Ibiza\" target=\"_top\" rel=\"noopener noreferrer\">Destinaci\u00f3 de l&#8217;usuari Pacha Ibiza Resort<\/a> <font lang=\"ca\">768 metres.<\/li>\n<li><font lang=\"ca\"><a href=\"https:\/blogs\/costa-ibiza-villa\/\" title=\"Costa Ibiza Villa\" target=\"_top\" rel=\"noopener noreferrer\">Opinions Costa Villa d&#8217;Eivissa<\/a> <font lang=\"ca\">a 799 metres.<\/li>\n<li><font lang=\"ca\"><a href=\"https:\/blogs\/villa-can-pepsimo\/\" title=\"Villa Can Pepsimo Ibiza\" target=\"_top\" rel=\"noopener noreferrer\">Vila Can Pepsimo<\/a> <font lang=\"ca\">853 metres.<\/li>\n<\/ul>\n<p><\/span><\/p>\n","protected":false},"excerpt":{"rendered":"<p>Pot Puig est\u00e0 situat a la zona de Nostra Senyora de Jes\u00fas, uns 11,5 quil\u00f2metres de la terminal de l&#8217;aeroport a l&#8217;illa d&#8217;Eivissa. Per anar al seu allotjament recomanam contractar un cotxe a Soloibiza.com. Informaci\u00f3 alberg pot Puig Es Puig Aportaci\u00f3: 16:00 Sortida: 10:00 Situat a Carrer de Puig dem Vi\u00f1ets, 16, Eivissa, Illes Balears [&hellip;]<\/p>\n","protected":false},"author":1,"featured_media":16778,"comment_status":"open","ping_status":"open","sticky":false,"template":"","format":"standard","meta":{"_acf_changed":false,"footnotes":""},"categories":[1],"tags":[],"class_list":["post-25903","post","type-post","status-publish","format-standard","has-post-thumbnail","hentry","category-sin-categoria"],"acf":[],"_links":{"self":[{"href":"https:\/\/soloibiza.com\/ca\/wp-json\/wp\/v2\/posts\/25903","targetHints":{"allow":["GET"]}}],"collection":[{"href":"https:\/\/soloibiza.com\/ca\/wp-json\/wp\/v2\/posts"}],"about":[{"href":"https:\/\/soloibiza.com\/ca\/wp-json\/wp\/v2\/types\/post"}],"author":[{"embeddable":true,"href":"https:\/\/soloibiza.com\/ca\/wp-json\/wp\/v2\/users\/1"}],"replies":[{"embeddable":true,"href":"https:\/\/soloibiza.com\/ca\/wp-json\/wp\/v2\/comments?post=25903"}],"version-history":[{"count":0,"href":"https:\/\/soloibiza.com\/ca\/wp-json\/wp\/v2\/posts\/25903\/revisions"}],"wp:featuredmedia":[{"embeddable":true,"href":"https:\/\/soloibiza.com\/ca\/wp-json\/wp\/v2\/media\/16778"}],"wp:attachment":[{"href":"https:\/\/soloibiza.com\/ca\/wp-json\/wp\/v2\/media?parent=25903"}],"wp:term":[{"taxonomy":"category","embeddable":true,"href":"https:\/\/soloibiza.com\/ca\/wp-json\/wp\/v2\/categories?post=25903"},{"taxonomy":"post_tag","embeddable":true,"href":"https:\/\/soloibiza.com\/ca\/wp-json\/wp\/v2\/tags?post=25903"}],"curies":[{"name":"wp","href":"https:\/\/api.w.org\/{rel}","templated":true}]}}