{"id":22994,"date":"2017-01-24T10:04:30","date_gmt":"2017-01-24T09:04:30","guid":{"rendered":"https:\/?p=22994\/"},"modified":"2020-10-12T08:37:00","modified_gmt":"2020-10-12T06:37:00","slug":"hotel-la-ventana-visites-i-reserva","status":"publish","type":"post","link":"https:\/\/soloibiza.com\/ca\/hotel-la-ventana-visites-i-reserva\/","title":{"rendered":"La Ventana a Ibiza ciutat, opinions i reserva d&#8217;hotel"},"content":{"rendered":"\n<div id=\"hotel\">\n<p><font lang=\"ca\">La finestra \u00e9s situat a la zona del centre de Ibiza, uns 8,38 km Eivissa aeroport terminal. <font lang=\"ca\">Per moure a l&#8217;allotjament us proposem que llogueu el vostre cotxe a Eivissa a Eivissa en solitari.<\/p>\n<h2 class=\"claro\" lang=\"ca\">2 de l&#8217;Hotel star en informaci\u00f3 de finestra de Ibiza<\/h2>\n<div itemscope=\"\" itemtype=\"https:\/\/schema.org\/Hotel\"><strong><span itemprop=\"name\" lang=\"ca\">La finestra<\/span><\/strong><\/p>\n<p itemprop=\"description\">\n<p><font lang=\"ca\"> Aportaci\u00f3: <meta itemprop=\"checkinTime\" content=\"13:00\"><font lang=\"ca\">13:00 <\/p>\n<p><font lang=\"ca\"> Sortida: <meta itemprop=\"checkoutTime\" content=\"11:30\"><font lang=\"ca\">11:30<\/p>\n<p><font lang=\"ca\"> Situat a <span itemprop=\"address\" itemscope=\"\" itemtype=\"https:\/\/data-vocabulary.org\/Address\"> <font lang=\"ca\"><span itemprop=\"street-address\">Sa Carrosa, 13<\/span>, <span itemprop=\"locality\">Eivissa<\/span>, <span itemprop=\"region\">Illes Balears<\/span> <span itemprop=\"country\">Espanya<\/span> <span itemprop=\"postal-code\">07800<\/span>  <\/p>\n<div itemprop=\"geo\" itemscope=\"\" itemtype=\"https:\/\/schema.org\/GeoCoordinates\"><meta itemprop=\"latitude\" content=\"38.907707211667\"><meta itemprop=\"longitude\" content=\"1.4375030994415\"><\/p>\n<p class=\"preenlace\"><font lang=\"ca\">Trobar els millors preus a la finestra <a href=\"https:\/blogs\/la-ventana\/\" target=\"_top\" class=\"\" rel=\"noopener noreferrer\"><span class=\"fondofecha\"><\/span><\/a><\/p>\n<form method=\"get\" action=\"https:\/blogs\/opiniones\/la-ventana\/\" target=\"_top\"><input value=\"Buscar habitaci\u00f3n\" type=\"submit\"><input name=\"from\" value=\"\" type=\"hidden\"><input name=\"to\" value=\"ca\" type=\"hidden\"><input name=\"a\" value=\"https:\/blogs\/opiniones\/la-ventana\" type=\"hidden\"><input name=\"f\" value=\"1\" type=\"hidden\"><\/form>\n<p><a itemprop=\"hasMap\" href=\"https:\/\/www.google.com\/maps?ie=UTF8%26hq%26ll=38.907707211667%2C1.4375030994415%26z=18\" target=\"_top\" lang=\"ca\" rel=\"noopener noreferrer\"> Veure al mapa.<\/a><\/p>\n<p><img decoding=\"async\" src=\"https:\/\/raw.githubusercontent.com\/soloibiza\/solo-ibiza\/master\/la-ventana\/hotel-la-ventana-reverva.jpg\" alt=\"Hotel La Ventana reverva\" title=\"\"><\/p>\n<h2 class=\"claro\" lang=\"ca\">Serveis comuns a l&#8217;Hotel La Ventana<\/h2>\n<p><font lang=\"ca\">A continuaci\u00f3 us afegeixo una relaci\u00f3 de serveis en La Ventana Hotel llistat per tipus. <font lang=\"ca\">Vost\u00e8 ser\u00e0 capa\u00e7 de seleccionar la seva estada a llan\u00e7ar la seva consulta.<\/p>\n<h3 lang=\"ca\">General<\/h3>\n<ul>\n<li itemprop=\"amenityFeature\" itemscope=\"\" itemtype=\"https:\/\/schema.org\/LocationFeatureSpecification\"><span itemprop=\"name\" lang=\"ca\">S&#8217;admeten<\/span> <meta itemprop=\"value\" content=\"True\"><\/li>\n<\/ul>\n<h3 lang=\"ca\">Serveis<\/h3>\n<ul>\n<li itemprop=\"amenityFeature\" itemscope=\"\" itemtype=\"https:\/\/schema.org\/LocationFeatureSpecification\"><span itemprop=\"name\" lang=\"ca\">Amb acc\u00e9s a Internet<\/span> <meta itemprop=\"value\" content=\"True\"><\/li>\n<li itemprop=\"amenityFeature\" itemscope=\"\" itemtype=\"https:\/\/schema.org\/LocationFeatureSpecification\"><span itemprop=\"name\" lang=\"ca\">Servei de WiFi disponible<\/span> <meta itemprop=\"value\" content=\"True\"><\/li>\n<li itemprop=\"amenityFeature\" itemscope=\"\" itemtype=\"https:\/\/schema.org\/LocationFeatureSpecification\"><span itemprop=\"name\" lang=\"ca\">Disposa de Wi-Fi gratu\u00efta<\/span> <meta itemprop=\"value\" content=\"True\"><\/li>\n<\/ul>\n<h3 lang=\"ca\">Menjar i beure<\/h3>\n<ul>\n<li itemprop=\"amenityFeature\" itemscope=\"\" itemtype=\"https:\/\/schema.org\/LocationFeatureSpecification\"><span itemprop=\"name\" lang=\"ca\">Bar disponible<\/span> <meta itemprop=\"value\" content=\"True\"><\/li>\n<\/ul>\n<h3 lang=\"ca\">Serveis de recepci\u00f3<\/h3>\n<ul>\n<li itemprop=\"amenityFeature\" itemscope=\"\" itemtype=\"https:\/\/schema.org\/LocationFeatureSpecification\"><span itemprop=\"name\" lang=\"ca\">Disponibilitat de caixa forta<\/span> <meta itemprop=\"value\" content=\"True\"><\/li>\n<\/ul>\n<h3 lang=\"ca\">Zones comunes<\/h3>\n<ul>\n<li itemprop=\"amenityFeature\" itemscope=\"\" itemtype=\"https:\/\/schema.org\/LocationFeatureSpecification\"><span itemprop=\"name\" lang=\"ca\">Disposa de jard\u00ed<\/span> <meta itemprop=\"value\" content=\"True\"><\/li>\n<li itemprop=\"amenityFeature\" itemscope=\"\" itemtype=\"https:\/\/schema.org\/LocationFeatureSpecification\"><span itemprop=\"name\" lang=\"ca\">Disposa de terrassa<\/span> <meta itemprop=\"value\" content=\"True\"><\/li>\n<\/ul>\n<h3 lang=\"ca\">Diversos<\/h3>\n<ul>\n<li itemprop=\"amenityFeature\" itemscope=\"\" itemtype=\"https:\/\/schema.org\/LocationFeatureSpecification\"><span itemprop=\"name\" lang=\"ca\">Habitacions per a no fumadors<\/span> <meta itemprop=\"value\" content=\"True\"><\/li>\n<li itemprop=\"amenityFeature\" itemscope=\"\" itemtype=\"https:\/\/schema.org\/LocationFeatureSpecification\"><span itemprop=\"name\" lang=\"ca\">Disposa de calefacci\u00f3<\/span> <meta itemprop=\"value\" content=\"True\"><\/li>\n<li itemprop=\"amenityFeature\" itemscope=\"\" itemtype=\"https:\/\/schema.org\/LocationFeatureSpecification\"><span itemprop=\"name\" lang=\"ca\">Disposa d&#8217;aire condicionat<\/span> <meta itemprop=\"value\" content=\"True\"><\/li>\n<\/ul>\n<p><img decoding=\"async\" alt=\"Hotel La Ventana opiniones\" src=\"https:\/\/raw.githubusercontent.com\/soloibiza\/solo-ibiza\/master\/la-ventana\/hotel-la-ventana-opiniones.jpg\" title=\"\"><\/p>\n<h2 class=\"claro\" lang=\"ca\">Habitacions disponibles a La Ventana<\/h2>\n<p lang=\"ca\">Aquestes s\u00f3n algunes de les habitacions disponibles a la finestra amb una llista de serveis. <\/p>\n<h3 itemprop=\"numberOfRooms\" itemscope=\"\" itemtype=\"https:\/\/schema.org\/QuantitativeValue\"><font lang=\"ca\"><span itemprop=\"unitText\">Doble<\/span> <font lang=\"ca\"><span itemprop=\"priceCurrency\">1<\/span> llit doble (s). <font lang=\"ca\">M\u00e0xim 2 persones (s)<\/h3>\n<ul>\n<li lang=\"ca\"> Recepci\u00f3 disponible <\/li>\n<li lang=\"ca\"> TDT <\/li>\n<li lang=\"ca\"> Tel\u00e8fon disponible <\/li>\n<li lang=\"ca\"> Climatitzaci\u00f3 \/ aire condicionat <\/li>\n<li lang=\"ca\"> Amb r\u00e0dio disponible <\/li>\n<li lang=\"ca\"> Amb lavabo incl\u00f2s <\/li>\n<li lang=\"ca\"> Perm\u00e8s bany <\/li>\n<li lang=\"ca\"> Sat\u00e8l\u00b7lit estan disponibles <\/li>\n<li lang=\"ca\"> T\u00e9 banyera o dutxa <\/li>\n<li lang=\"ca\"> TV de pantalla plana <\/li>\n<\/ul>\n<p><img decoding=\"async\" alt=\"Hotel La Ventana booking\" src=\"https:\/\/raw.githubusercontent.com\/soloibiza\/solo-ibiza\/master\/la-ventana\/hotel-la-ventana-booking.jpg\" title=\"\"><\/p>\n<h3 itemprop=\"numberOfRooms\" itemscope=\"\" itemtype=\"https:\/\/schema.org\/QuantitativeValue\"><font lang=\"ca\"><span itemprop=\"unitText\">Doble<\/span> <font lang=\"ca\"><span itemprop=\"priceCurrency\">1<\/span> llit doble (s). <font lang=\"ca\">M\u00e0xim 2 persones (s)<\/h3>\n<ul>\n<li lang=\"ca\"> Recepci\u00f3 disponible <\/li>\n<li lang=\"ca\"> TDT <\/li>\n<li lang=\"ca\"> Tel\u00e8fon disponible <\/li>\n<li lang=\"ca\"> Climatitzaci\u00f3 \/ aire condicionat <\/li>\n<li lang=\"ca\"> Disponible amb balc\u00f3 <\/li>\n<li lang=\"ca\"> Amb r\u00e0dio disponible <\/li>\n<li lang=\"ca\"> Amb lavabo incl\u00f2s <\/li>\n<li lang=\"ca\"> Perm\u00e8s bany <\/li>\n<li lang=\"ca\"> Sat\u00e8l\u00b7lit estan disponibles <\/li>\n<li lang=\"ca\"> T\u00e9 banyera o dutxa <\/li>\n<li lang=\"ca\"> TV de pantalla plana <\/li>\n<li lang=\"ca\"> Habitaci\u00f3 amb vista <\/li>\n<\/ul>\n<p><img decoding=\"async\" alt=\"Hotel La Ventana reservas\" src=\"https:\/\/raw.githubusercontent.com\/soloibiza\/solo-ibiza\/master\/la-ventana\/hotel-la-ventana-reservas.jpg\" title=\"\"><\/p>\n<h3 itemprop=\"numberOfRooms\" itemscope=\"\" itemtype=\"https:\/\/schema.org\/QuantitativeValue\"><font lang=\"ca\"><span itemprop=\"unitText\">Suite<\/span> <font lang=\"ca\"><span itemprop=\"priceCurrency\">1<\/span> doble (s) gran. <font lang=\"ca\">M\u00e0xim 2 persones (s)<\/h3>\n<ul>\n<li lang=\"ca\"> Recepci\u00f3 disponible <\/li>\n<li lang=\"ca\"> Bany amb banyera <\/li>\n<li lang=\"ca\"> TDT <\/li>\n<li lang=\"ca\"> Tel\u00e8fon disponible <\/li>\n<li lang=\"ca\"> Climatitzaci\u00f3 \/ aire condicionat <\/li>\n<li lang=\"ca\"> Disponible amb balc\u00f3 <\/li>\n<li lang=\"ca\"> Amb r\u00e0dio disponible <\/li>\n<li lang=\"ca\"> Zona disponible <\/li>\n<li lang=\"ca\"> Amb lavabo incl\u00f2s <\/li>\n<li lang=\"ca\"> Perm\u00e8s bany <\/li>\n<li lang=\"ca\"> Sat\u00e8l\u00b7lit estan disponibles <\/li>\n<li lang=\"ca\"> TV de pantalla plana <\/li>\n<li lang=\"ca\"> Habitaci\u00f3 amb vista <\/li>\n<\/ul>\n<p><img decoding=\"async\" alt=\"Hotel La Ventana barato\" src=\"https:\/\/raw.githubusercontent.com\/soloibiza\/solo-ibiza\/master\/la-ventana\/hotel-la-ventana-barato.jpg\" title=\"\"><\/p>\n<p class=\"enlacerojo\"><a href=\"https:\/blogs\/la-ventana\/\" target=\"_top\" class=\"opinionesyreserva\" lang=\"ca\" rel=\"noopener noreferrer\">Informaci\u00f3 i reserves<\/a><\/p>\n<h2 class=\"claro\" lang=\"ca\">El v\u00eddeo de el Ventana Hotel<\/h2>\n<p lang=\"ca\">Ara veureu la finestra Hotel v\u00eddeo a Youtube. <\/p>\n<h2 class=\"claro\" lang=\"ca\">Com arribar des de l&#8217;aeroport a la finestra d&#8217;Hotel amb el seu cotxe de lloguer<\/h2>\n<p><font lang=\"ca\">Si teniu vehicle amb la retirada de l&#8217;autob\u00fas de l&#8217;aeroport d&#8217;Eivissa o trasllat, abast Hotel La Ventana ser\u00e0 f\u00e0cil seguint aquestes instruccions. <font lang=\"ca\">Per disposar d&#8217;un lloguer de cotxes a Eivissa us convidem a que el punt al <a href=\"https:\/\/alquilercochesibiza.soloibiza.com\/\" target=\"_top\" rel=\"noopener noreferrer\">nostre lloc<\/a> amb grans ofertes en el mercat.<\/p>\n<ol class=\"despliega\">\n<li lang=\"ca\">Anar al <b>sud-est<\/b><\/li>\n<li lang=\"ca\">Sal de la rotonda en la <b>CTRA Circunvalacion Eivissa<\/b><\/li>\n<li lang=\"ca\">Segueix <b>E-20<\/b><\/li>\n<li lang=\"ca\">Agafar la sortida cap a <b>Centre Ciutat Eivissa<\/b>\/<b>Sant Josep<\/b><\/li>\n<li lang=\"ca\">A la rotonda, agafi la <b>primera<\/b> sortida cap a <b>Av. Sant Josep de sa Talaia<\/b>\/<b>PM-801<\/b><\/li>\n<li lang=\"ca\">A la rotonda, agafeu la <b>segona<\/b> sortida cap a <b>D&#8217;espanya Av.<\/b><\/li>\n<li lang=\"ca\">Girar a la <b>dreta<\/b> al <b>Carrer de Joan Xic\u00f3<\/b><\/li>\n<li lang=\"ca\">Al seu torn a l&#8217; <b>esquerra<\/b> cap a <b>Carrer de Jaume m<\/b><\/li>\n<li lang=\"ca\">Al seu torn a l&#8217; <b>esquerra<\/b> cap al <b>Carrer del Comte de Rossell\u00f3<\/b><\/li>\n<li lang=\"ca\">Girar a la <b>dreta<\/b> al <b>Carrer d&#8217; Ann\u00edbal<\/b><\/li>\n<li lang=\"ca\">Encara pel <b>Carrer d&#8217;Antoni Palau<\/b><\/li>\n<li lang=\"ca\">Girar a la <b>dreta<\/b> al <b>Carrer de Manuel Sor\u00e0<\/b><\/li>\n<li lang=\"ca\">Al seu torn a l&#8217; <b>esquerra<\/b> cap al <b>Carrer d&#8217;Alfons XII<\/b><\/li>\n<li lang=\"ca\">Girar a la <b>dreta<\/b> cap al <b>Carrer d&#8217;Alfons XII<\/b><\/li>\n<li lang=\"ca\">Girar a la <b>dreta<\/b> cap a <b>CTRA Nargiso Puget<\/b><\/li>\n<li lang=\"ca\">Al seu torn a l&#8217; <b>esquerra<\/b> cap a <b>Carrer de sa Carrossa<\/b><\/li>\n<li><font lang=\"ca\">Girar a la <b>dreta<\/b> al <b>Carrer de sa Carrossa<\/b>\n<div style=\"font-size:0.9em\" lang=\"ca\">L&#8217;objectiu \u00e9s l&#8217;esquerra.<\/li>\n<\/ol>\n<h2 class=\"claro\" lang=\"ca\">Hotels a prop de La Ventana<\/h2>\n<p lang=\"ca\">Si tenen disponibilitat a la finestra o no \u00e9s al seu gust vost\u00e8 ser\u00e0 capa\u00e7 de comprovar altres establiments a la zona dels voltants de la llista seg\u00fcent. <\/p>\n<ul class=\"listasinscroll\">\n<li><font lang=\"ca\"><a href=\"https:\/blogs\/mirador-de-dalt-vila\/\" title=\"Mirador de Dalt Vila\" target=\"_top\" rel=\"noopener noreferrer\">Vistes del Mirador de Dalt Vila<\/a> <font lang=\"ca\">79 metres.<\/li>\n<li><font lang=\"ca\"><a href=\"https:\/blogs\/casa-romantica-dalt-vila\/\" title=\"Casa Rom\u00e1ntica Dalt Vila Ibiza\" target=\"_top\" rel=\"noopener noreferrer\">Casa rom\u00e0ntica de Dalt Vila a Eivissa<\/a> <font lang=\"ca\">84 metres.<\/li>\n<li><font lang=\"ca\"><a href=\"https:\/blogs\/dalt-villa-fabulous-apartment\/\" title=\"Dalt Villa - fabulous apartment Ibiza\" target=\"_top\" rel=\"noopener noreferrer\">Villa de dalt &#8211; reserves fabul\u00f3s apartament<\/a> <font lang=\"ca\">101 metres.<\/li>\n<li><font lang=\"ca\"><a href=\"https:\/blogs\/apartamentos-deluxe-puerto\/\" title=\"Apartamentos Deluxe Puerto en Ibiza\" target=\"_top\" rel=\"noopener noreferrer\">Apartaments Puerto luxe a Eivissa<\/a> <font lang=\"ca\">123 metres.<\/li>\n<li><font lang=\"ca\"><a href=\"https:\/blogs\/el-corsario\/\" title=\"El Corsario\" target=\"_top\" rel=\"noopener noreferrer\">El Corsair vistes<\/a> <font lang=\"ca\">Uns 140 metres.<\/li>\n<li><font lang=\"ca\"><a href=\"https:\/blogs\/apartamentos-mariano\/\" title=\"Apartamentos Mariano en Ibiza\" target=\"_top\" rel=\"noopener noreferrer\">Apartamentos Mariano a Eivissa<\/a> <font lang=\"ca\">191 metres.<\/li>\n<li><font lang=\"ca\"><a href=\"\/?p=16245\" title=\"Ibiza Old Town\" target=\"_top\" rel=\"noopener noreferrer\">Figueretes Ibiza<\/a> <font lang=\"ca\">214 metres.<\/li>\n<li><font lang=\"ca\"><a href=\"https:\/blogs\/apartment-puerto-2\/\" title=\"Apartment Puerto 2 Ibiza\" target=\"_top\" rel=\"noopener noreferrer\">Apartament port 2 Eivissa<\/a> <font lang=\"ca\">Uns 230 metres.<\/li>\n<li><font lang=\"ca\"><a href=\"https:\/blogs\/apartamento-virgen-puerto\/\" title=\"Apartamento Virgen Puerto\" target=\"_top\" rel=\"noopener noreferrer\">Apartament vista verge Puerto<\/a> <font lang=\"ca\">236 metres.<\/li>\n<li><font lang=\"ca\"><a href=\"https:\/blogs\/la-torre-del-canonigo\/\" title=\"La Torre Del Canonigo\" target=\"_top\" rel=\"noopener noreferrer\">La torre de C\u00e0non d&#8217;Eivissa<\/a> <font lang=\"ca\">236 metres.<\/li>\n<li><font lang=\"ca\"><a href=\"https:\/blogs\/ibiza-forever\/\" title=\"Ibiza Forever\" target=\"_top\" rel=\"noopener noreferrer\">Sempre Ibiza Ibiza<\/a> <font lang=\"ca\">246 m.<\/li>\n<li><font lang=\"ca\"><a href=\"https:\/blogs\/aparthotel-navila\/\" title=\"Aparthotel Navila en Ibiza\" target=\"_top\" rel=\"noopener noreferrer\">Aparthotel Navila-Eivissa<\/a> <font lang=\"ca\">Uns 252 m.<\/li>\n<li><font lang=\"ca\"><a href=\"https:\/blogs\/apartamento-porto\/\" title=\"Apartamento Porto\" target=\"_top\" rel=\"noopener noreferrer\">Apartment Porto reserva<\/a> <font lang=\"ca\">253 metres.<\/li>\n<li><font lang=\"ca\"><a href=\"https:\/blogs\/ryans-la-marina\/\" title=\"Ryans La Marina Ibiza\" target=\"_top\" rel=\"noopener noreferrer\">Sentenciat el port esportiu d&#8217;Eivissa<\/a> <font lang=\"ca\">254 metres.<\/li>\n<li><font lang=\"ca\"><a href=\"https:\/blogs\/ibiza-sea-view\/\" title=\"Ibiza Sea View\" target=\"_top\" rel=\"noopener noreferrer\">Reserves al mar d&#8217;Eivissa<\/a> <font lang=\"ca\">Uns 266 metres.<\/li>\n<\/ul>\n<p><\/span><\/p>\n","protected":false},"excerpt":{"rendered":"<p>La finestra \u00e9s situat a la zona del centre de Ibiza, uns 8,38 km Eivissa aeroport terminal. Per moure a l&#8217;allotjament us proposem que llogueu el vostre cotxe a Eivissa a Eivissa en solitari. 2 de l&#8217;Hotel star en informaci\u00f3 de finestra de Ibiza La finestra Aportaci\u00f3: 13:00 Sortida: 11:30 Situat a Sa Carrosa, 13, [&hellip;]<\/p>\n","protected":false},"author":1,"featured_media":16031,"comment_status":"open","ping_status":"open","sticky":false,"template":"","format":"standard","meta":{"_acf_changed":false,"footnotes":""},"categories":[1],"tags":[],"class_list":["post-22994","post","type-post","status-publish","format-standard","has-post-thumbnail","hentry","category-sin-categoria"],"acf":[],"_links":{"self":[{"href":"https:\/\/soloibiza.com\/ca\/wp-json\/wp\/v2\/posts\/22994","targetHints":{"allow":["GET"]}}],"collection":[{"href":"https:\/\/soloibiza.com\/ca\/wp-json\/wp\/v2\/posts"}],"about":[{"href":"https:\/\/soloibiza.com\/ca\/wp-json\/wp\/v2\/types\/post"}],"author":[{"embeddable":true,"href":"https:\/\/soloibiza.com\/ca\/wp-json\/wp\/v2\/users\/1"}],"replies":[{"embeddable":true,"href":"https:\/\/soloibiza.com\/ca\/wp-json\/wp\/v2\/comments?post=22994"}],"version-history":[{"count":0,"href":"https:\/\/soloibiza.com\/ca\/wp-json\/wp\/v2\/posts\/22994\/revisions"}],"wp:featuredmedia":[{"embeddable":true,"href":"https:\/\/soloibiza.com\/ca\/wp-json\/wp\/v2\/media\/16031"}],"wp:attachment":[{"href":"https:\/\/soloibiza.com\/ca\/wp-json\/wp\/v2\/media?parent=22994"}],"wp:term":[{"taxonomy":"category","embeddable":true,"href":"https:\/\/soloibiza.com\/ca\/wp-json\/wp\/v2\/categories?post=22994"},{"taxonomy":"post_tag","embeddable":true,"href":"https:\/\/soloibiza.com\/ca\/wp-json\/wp\/v2\/tags?post=22994"}],"curies":[{"name":"wp","href":"https:\/\/api.w.org\/{rel}","templated":true}]}}