{"id":22945,"date":"2017-01-24T09:45:06","date_gmt":"2017-01-24T08:45:06","guid":{"rendered":"https:\/?p=22945\/"},"modified":"2020-10-12T08:34:31","modified_gmt":"2020-10-12T06:34:31","slug":"hotel-la-marina-ryans-opinions-i-reserva","status":"publish","type":"post","link":"https:\/\/soloibiza.com\/ca\/hotel-la-marina-ryans-opinions-i-reserva\/","title":{"rendered":"Sentenciat La Marina a l&#8217;Ibiza ciutat, opinions i reserva d&#8217;hotel"},"content":{"rendered":"\n<div id=\"hotel\">\n<p><font lang=\"ca\">Sentenciat La Marina est\u00e0 situat a la zona del centre de Ibiza, uns 8.54 quil\u00f2metres de l&#8217;aeroport d&#8217;Eivissa. <font lang=\"ca\">Per anar a sentenciat La Marina, us suggerim llibre un cotxe a Soloibiza.com.<\/p>\n<h2 class=\"claro\" lang=\"ca\">Informaci\u00f3 Hotel Ryans Marina<\/h2>\n<div itemscope=\"\" itemtype=\"https:\/\/schema.org\/Hotel\"><strong><span itemprop=\"name\" lang=\"ca\">Ryans Marina<\/span><\/strong><\/p>\n<p itemprop=\"description\">\n<p><font lang=\"ca\"> Aportaci\u00f3: <meta itemprop=\"checkinTime\" content=\"15:00\"><font lang=\"ca\">15:00 <\/p>\n<p><font lang=\"ca\"> Sortida: <meta itemprop=\"checkoutTime\" content=\"12:00\"><font lang=\"ca\">12:00<\/p>\n<p><font lang=\"ca\"> Situat a <span itemprop=\"address\" itemscope=\"\" itemtype=\"https:\/\/data-vocabulary.org\/Address\"> <font lang=\"ca\"><span itemprop=\"street-address\">Terrasses, 5<\/span>, <span itemprop=\"locality\">Eivissa<\/span>, <span itemprop=\"region\">Illes Balears<\/span> <span itemprop=\"country\">Espanya<\/span> <span itemprop=\"postal-code\">07800<\/span>  <\/p>\n<div itemprop=\"geo\" itemscope=\"\" itemtype=\"https:\/\/schema.org\/GeoCoordinates\"><meta itemprop=\"latitude\" content=\"38.909909156847\"><meta itemprop=\"longitude\" content=\"1.43794298172\"><\/p>\n<p class=\"preenlace\"><font lang=\"ca\">Trobar els millors preus en sentenciat La Marina <a href=\"https:\/blogs\/ryans-la-marina\/\" target=\"_top\" class=\"\" rel=\"noopener noreferrer\"><span class=\"fondofecha\"><\/span><\/a><\/p>\n<form method=\"get\" action=\"https:\/blogs\/opiniones\/ryans-la-marina\/\" target=\"_top\"><input value=\"Buscar habitaci\u00f3n\" type=\"submit\"><input name=\"from\" value=\"\" type=\"hidden\"><input name=\"to\" value=\"ca\" type=\"hidden\"><input name=\"a\" value=\"https:\/blogs\/opiniones\/ryans-la-marina\" type=\"hidden\"><input name=\"f\" value=\"1\" type=\"hidden\"><\/form>\n<p><a itemprop=\"hasMap\" href=\"https:\/\/www.google.com\/maps?ie=UTF8%26hq%26ll=38.909909156847%2C1.43794298172%26z=18\" target=\"_top\" lang=\"ca\" rel=\"noopener noreferrer\"> Veure al mapa.<\/a><\/p>\n<p><img decoding=\"async\" src=\"https:\/\/raw.githubusercontent.com\/soloibiza\/solo-ibiza\/master\/ryans-la-marina\/hotel-ryans-la-marina-reverva.jpg\" alt=\"Hotel Ryans La Marina reverva\" title=\"\"><\/p>\n<h2 class=\"claro\" lang=\"ca\">Serveis comuns al Hotel sentenciat La Marina<\/h2>\n<p><font lang=\"ca\">Els seg\u00fcents s\u00f3n una llista de serveis d&#8217;Hotel sentenciat La Marina ordenats per categoria. <font lang=\"ca\">Vost\u00e8 ser\u00e0 capa\u00e7 de seleccionar l&#8217;estada en el moment de la seva consulta.<\/p>\n<h3 lang=\"ca\">General<\/h3>\n<ul>\n<li itemprop=\"amenityFeature\" itemscope=\"\" itemtype=\"https:\/\/schema.org\/LocationFeatureSpecification\"><span itemprop=\"name\" lang=\"ca\">Allotjament amb Wi-Fi<\/span> <meta itemprop=\"value\" content=\"True\"><\/li>\n<\/ul>\n<h3 lang=\"ca\">Serveis<\/h3>\n<ul>\n<li itemprop=\"amenityFeature\" itemscope=\"\" itemtype=\"https:\/\/schema.org\/LocationFeatureSpecification\"><span itemprop=\"name\" lang=\"ca\">Amb acc\u00e9s a Internet<\/span> <meta itemprop=\"value\" content=\"True\"><\/li>\n<li itemprop=\"amenityFeature\" itemscope=\"\" itemtype=\"https:\/\/schema.org\/LocationFeatureSpecification\"><span itemprop=\"name\" lang=\"ca\">Servei de WiFi disponible<\/span> <meta itemprop=\"value\" content=\"True\"><\/li>\n<li itemprop=\"amenityFeature\" itemscope=\"\" itemtype=\"https:\/\/schema.org\/LocationFeatureSpecification\"><span itemprop=\"name\" lang=\"ca\">Disposa de Wi-Fi gratu\u00efta<\/span> <meta itemprop=\"value\" content=\"True\"><\/li>\n<\/ul>\n<h3 lang=\"ca\">Menjar i beure<\/h3>\n<ul>\n<li itemprop=\"amenityFeature\" itemscope=\"\" itemtype=\"https:\/\/schema.org\/LocationFeatureSpecification\"><span itemprop=\"name\" lang=\"ca\">Bar disponible<\/span> <meta itemprop=\"value\" content=\"True\"><\/li>\n<li itemprop=\"amenityFeature\" itemscope=\"\" itemtype=\"https:\/\/schema.org\/LocationFeatureSpecification\"><span itemprop=\"name\" lang=\"ca\">T\u00e9 un restaurant a la carta<\/span> <meta itemprop=\"value\" content=\"True\"><\/li>\n<li itemprop=\"amenityFeature\" itemscope=\"\" itemtype=\"https:\/\/schema.org\/LocationFeatureSpecification\"><span itemprop=\"name\" lang=\"ca\">Snack-bar<\/span> <meta itemprop=\"value\" content=\"True\"><\/li>\n<\/ul>\n<h3 lang=\"ca\">Transport<\/h3>\n<ul>\n<li itemprop=\"amenityFeature\" itemscope=\"\" itemtype=\"https:\/\/schema.org\/LocationFeatureSpecification\"><span itemprop=\"name\" lang=\"ca\">Lloguer de cotxes Ibiza barat<\/span> <meta itemprop=\"value\" content=\"True\"><\/li>\n<\/ul>\n<h3 lang=\"ca\">Serveis de recepci\u00f3<\/h3>\n<ul>\n<li itemprop=\"amenityFeature\" itemscope=\"\" itemtype=\"https:\/\/schema.org\/LocationFeatureSpecification\"><span itemprop=\"name\" lang=\"ca\">Servei de recepci\u00f3 les 24 hores<\/span> <meta itemprop=\"value\" content=\"True\"><\/li>\n<li itemprop=\"amenityFeature\" itemscope=\"\" itemtype=\"https:\/\/schema.org\/LocationFeatureSpecification\"><span itemprop=\"name\" lang=\"ca\">Disponibilitat de caixa forta<\/span> <meta itemprop=\"value\" content=\"True\"><\/li>\n<li itemprop=\"amenityFeature\" itemscope=\"\" itemtype=\"https:\/\/schema.org\/LocationFeatureSpecification\"><span itemprop=\"name\" lang=\"ca\">Punt d&#8217;informaci\u00f3 de turisme<\/span> <meta itemprop=\"value\" content=\"True\"><\/li>\n<li itemprop=\"amenityFeature\" itemscope=\"\" itemtype=\"https:\/\/schema.org\/LocationFeatureSpecification\"><span itemprop=\"name\" lang=\"ca\">Entrades disponibles<\/span> <meta itemprop=\"value\" content=\"True\"><\/li>\n<li itemprop=\"amenityFeature\" itemscope=\"\" itemtype=\"https:\/\/schema.org\/LocationFeatureSpecification\"><span itemprop=\"name\" lang=\"ca\">Servei de consergeria<\/span> <meta itemprop=\"value\" content=\"True\"><\/li>\n<li itemprop=\"amenityFeature\" itemscope=\"\" itemtype=\"https:\/\/schema.org\/LocationFeatureSpecification\"><span itemprop=\"name\" lang=\"ca\">Guixetes<\/span> <meta itemprop=\"value\" content=\"True\"><\/li>\n<\/ul>\n<h3 lang=\"ca\">Zones comunes<\/h3>\n<ul>\n<li itemprop=\"amenityFeature\" itemscope=\"\" itemtype=\"https:\/\/schema.org\/LocationFeatureSpecification\"><span itemprop=\"name\" lang=\"ca\">Disposa de terrassa<\/span> <meta itemprop=\"value\" content=\"True\"><\/li>\n<\/ul>\n<h3 lang=\"ca\">Serveis de neteja<\/h3>\n<ul>\n<li itemprop=\"amenityFeature\" itemscope=\"\" itemtype=\"https:\/\/schema.org\/LocationFeatureSpecification\"><span itemprop=\"name\" lang=\"ca\">Servei de neteja diari<\/span> <meta itemprop=\"value\" content=\"True\"><\/li>\n<\/ul>\n<h3 lang=\"ca\">Diversos<\/h3>\n<ul>\n<li itemprop=\"amenityFeature\" itemscope=\"\" itemtype=\"https:\/\/schema.org\/LocationFeatureSpecification\"><span itemprop=\"name\" lang=\"ca\">Disposa de calefacci\u00f3<\/span> <meta itemprop=\"value\" content=\"True\"><\/li>\n<li itemprop=\"amenityFeature\" itemscope=\"\" itemtype=\"https:\/\/schema.org\/LocationFeatureSpecification\"><span itemprop=\"name\" lang=\"ca\">Disposa d&#8217;aire condicionat<\/span> <meta itemprop=\"value\" content=\"True\"><\/li>\n<li itemprop=\"amenityFeature\" itemscope=\"\" itemtype=\"https:\/\/schema.org\/LocationFeatureSpecification\"><span itemprop=\"name\" lang=\"ca\">Espai habilitat per a fumadors<\/span> <meta itemprop=\"value\" content=\"True\"><\/li>\n<\/ul>\n<p><img decoding=\"async\" alt=\"Hotel Ryans La Marina opiniones\" src=\"https:\/\/raw.githubusercontent.com\/soloibiza\/solo-ibiza\/master\/ryans-la-marina\/hotel-ryans-la-marina-opiniones.jpg\" title=\"\"><\/p>\n<h2 class=\"claro\" lang=\"ca\">Habitacions disponibles al sentenciat La Marina<\/h2>\n<p lang=\"ca\">Heus ac\u00ed algunes de les suites en sentenciat La Marina amb una enumeraci\u00f3 de serveis espec\u00edfics. <\/p>\n<h3 itemprop=\"numberOfRooms\" itemscope=\"\" itemtype=\"https:\/\/schema.org\/QuantitativeValue\"><font lang=\"ca\"><span itemprop=\"unitText\">Suite<\/span> <font lang=\"ca\"><span itemprop=\"priceCurrency\">1<\/span> doble (s) gran. <font lang=\"ca\">M\u00e0xim 2 persones (s)<\/h3>\n<ul>\n<li lang=\"ca\"> Recepci\u00f3 disponible <\/li>\n<li lang=\"ca\"> TDT <\/li>\n<li lang=\"ca\"> Televisi\u00f3 disponible <\/li>\n<li lang=\"ca\"> Climatitzaci\u00f3 \/ aire condicionat <\/li>\n<li lang=\"ca\"> Productes gratu\u00efts per raspallar-se <\/li>\n<li lang=\"ca\"> Amb lavabo incl\u00f2s <\/li>\n<li lang=\"ca\"> Perm\u00e8s bany <\/li>\n<li lang=\"ca\"> Equipat amb calefacci\u00f3 <\/li>\n<li lang=\"ca\"> Sat\u00e8l\u00b7lit estan disponibles <\/li>\n<li lang=\"ca\"> T\u00e9 banyera o dutxa <\/li>\n<li lang=\"ca\"> Caixa gran per a port\u00e0tils <\/li>\n<li lang=\"ca\"> Terres de rajoles com marbres <\/li>\n<li lang=\"ca\"> Habitaci\u00f3 amb vista <\/li>\n<li lang=\"ca\"> Armaris disponibles <\/li>\n<li lang=\"ca\"> Habitaci\u00f3 amb terrassa <\/li>\n<li lang=\"ca\"> Disponibilitat de tovalloles <\/li>\n<li lang=\"ca\"> Disponibilitat de roba de llit <\/li>\n<\/ul>\n<p><img decoding=\"async\" alt=\"Hotel Ryans La Marina booking\" src=\"https:\/\/raw.githubusercontent.com\/soloibiza\/solo-ibiza\/master\/ryans-la-marina\/hotel-ryans-la-marina-booking.jpg\" title=\"\"><\/p>\n<h3 itemprop=\"numberOfRooms\" itemscope=\"\" itemtype=\"https:\/\/schema.org\/QuantitativeValue\"><font lang=\"ca\"><span itemprop=\"unitText\">Doble<\/span> <font lang=\"ca\"><span itemprop=\"priceCurrency\">1<\/span> llit doble (s). <font lang=\"ca\">M\u00e0xim 2 persones (s)<\/h3>\n<ul>\n<li lang=\"ca\"> TDT <\/li>\n<li lang=\"ca\"> Climatitzaci\u00f3 \/ aire condicionat <\/li>\n<li lang=\"ca\"> Productes gratu\u00efts per raspallar-se <\/li>\n<li lang=\"ca\"> Amb lavabo incl\u00f2s <\/li>\n<li lang=\"ca\"> Perm\u00e8s bany <\/li>\n<li lang=\"ca\"> T\u00e9 banyera o dutxa <\/li>\n<\/ul>\n<p><img decoding=\"async\" alt=\"Hotel Ryans La Marina reservas\" src=\"https:\/\/raw.githubusercontent.com\/soloibiza\/solo-ibiza\/master\/ryans-la-marina\/hotel-ryans-la-marina-reservas.jpg\" title=\"\"><\/p>\n<h3 itemprop=\"numberOfRooms\" itemscope=\"\" itemtype=\"https:\/\/schema.org\/QuantitativeValue\"><font lang=\"ca\"><span itemprop=\"unitText\">Doble<\/span> <font lang=\"ca\"><span itemprop=\"priceCurrency\">1<\/span> llit doble (s). <font lang=\"ca\">M\u00e0xim 2 persones (s)<\/h3>\n<ul>\n<li lang=\"ca\"> TDT <\/li>\n<li lang=\"ca\"> Climatitzaci\u00f3 \/ aire condicionat <\/li>\n<li lang=\"ca\"> Equipada amb nevera <\/li>\n<li lang=\"ca\"> Productes gratu\u00efts per raspallar-se <\/li>\n<li lang=\"ca\"> Amb lavabo incl\u00f2s <\/li>\n<li lang=\"ca\"> Perm\u00e8s bany <\/li>\n<li lang=\"ca\"> T\u00e9 banyera o dutxa <\/li>\n<li lang=\"ca\"> TV de pantalla plana <\/li>\n<li lang=\"ca\"> Armaris disponibles <\/li>\n<li lang=\"ca\"> Habitaci\u00f3 amb vistes a la ciutat <\/li>\n<\/ul>\n<p><img decoding=\"async\" alt=\"Hotel Ryans La Marina barato\" src=\"https:\/\/raw.githubusercontent.com\/soloibiza\/solo-ibiza\/master\/ryans-la-marina\/hotel-ryans-la-marina-barato.jpg\" title=\"\"><\/p>\n<h3 itemprop=\"numberOfRooms\" itemscope=\"\" itemtype=\"https:\/\/schema.org\/QuantitativeValue\"><font lang=\"ca\"><span itemprop=\"unitText\">Individual<\/span> <font lang=\"ca\"><span itemprop=\"priceCurrency\">1<\/span> llit individual (s). <font lang=\"ca\">1 persona m\u00e0xim (s)<\/h3>\n<ul>\n<li lang=\"ca\"> Recepci\u00f3 disponible <\/li>\n<li lang=\"ca\"> TDT <\/li>\n<li lang=\"ca\"> Televisi\u00f3 disponible <\/li>\n<li lang=\"ca\"> Climatitzaci\u00f3 \/ aire condicionat <\/li>\n<li lang=\"ca\"> Productes gratu\u00efts per raspallar-se <\/li>\n<li lang=\"ca\"> Amb lavabo incl\u00f2s <\/li>\n<li lang=\"ca\"> Perm\u00e8s bany <\/li>\n<li lang=\"ca\"> Equipat amb calefacci\u00f3 <\/li>\n<li lang=\"ca\"> Sat\u00e8l\u00b7lit estan disponibles <\/li>\n<li lang=\"ca\"> T\u00e9 banyera o dutxa <\/li>\n<li lang=\"ca\"> Caixa gran per a port\u00e0tils <\/li>\n<li lang=\"ca\"> Terres de rajoles com marbres <\/li>\n<li lang=\"ca\"> Armaris disponibles <\/li>\n<li lang=\"ca\"> Habitaci\u00f3 amb vistes a la ciutat <\/li>\n<li lang=\"ca\"> Disponibilitat de tovalloles <\/li>\n<li lang=\"ca\"> Disponibilitat de roba de llit <\/li>\n<\/ul>\n<p><img decoding=\"async\" alt=\"Hotel Ryans La Marina baratos\" src=\"https:\/\/raw.githubusercontent.com\/soloibiza\/solo-ibiza\/master\/ryans-la-marina\/hotel-ryans-la-marina-baratos.jpg\" title=\"\"><\/p>\n<h3 itemprop=\"numberOfRooms\" itemscope=\"\" itemtype=\"https:\/\/schema.org\/QuantitativeValue\"><font lang=\"ca\"><span itemprop=\"unitText\">Doble<\/span> <font lang=\"ca\"><span itemprop=\"priceCurrency\">1<\/span> doble (s) gran. <font lang=\"ca\">M\u00e0xim 2 persones (s)<\/h3>\n<ul>\n<li lang=\"ca\"> TDT <\/li>\n<li lang=\"ca\"> Televisi\u00f3 disponible <\/li>\n<li lang=\"ca\"> Climatitzaci\u00f3 \/ aire condicionat <\/li>\n<li lang=\"ca\"> Productes gratu\u00efts per raspallar-se <\/li>\n<li lang=\"ca\"> Amb lavabo incl\u00f2s <\/li>\n<li lang=\"ca\"> Perm\u00e8s bany <\/li>\n<li lang=\"ca\"> T\u00e9 banyera o dutxa <\/li>\n<\/ul>\n<p><img decoding=\"async\" alt=\"Hotel Ryans La Marina oferta\" src=\"https:\/\/raw.githubusercontent.com\/soloibiza\/solo-ibiza\/master\/ryans-la-marina\/hotel-ryans-la-marina-oferta.jpg\" title=\"\"><\/p>\n<p class=\"enlacerojo\"><a href=\"https:\/blogs\/ryans-la-marina\/\" target=\"_top\" class=\"opinionesyreserva\" lang=\"ca\" rel=\"noopener noreferrer\">Informaci\u00f3 i reserves<\/a><\/p>\n<h2 class=\"claro\" lang=\"ca\">V\u00eddeo de Ryans Marina Hotel<\/h2>\n<p><font lang=\"ca\">Si vols que pots jugar Youtube v\u00eddeo de Hotel sentenciat La Marina . <font lang=\"ca\">Recordeu que teniu una llista completa dels v\u00eddeos dels <a href=\"https:\/\/www.youtube.com\/playlist?list=PL0DiEIMdOY4MHdLl93tg5EHCB8pcAsIws\" target=\"_top\" rel=\"noopener noreferrer\">millors allotjaments a Eivissa<\/a><\/p>\n<h2 class=\"claro\" lang=\"ca\">Passar de l&#8217;aeroport d&#8217;Eivissa a Hotel sentenciat La Marina amb el seu cotxe de lloguer<\/h2>\n<p><font lang=\"ca\">Vost\u00e8 pot imprimir aquestes instruccions per arribar al propi hotel de dest\u00ed Ryans Marina si no encara reservat el cotxe intentar reserva un al nostre lloc web per a <a href=\"https:\/\/alquilercochesibiza.soloibiza.com\/\" title=\"alquiler en el aeropuerto de Ibiza de veh\u00edculos baratos\" target=\"_top\" rel=\"noopener noreferrer\">lloguer a Eivissa aeroport de lloguer barat<\/a>.<\/p>\n<ol class=\"despliega\">\n<li lang=\"ca\">Anar al <b>sud-est<\/b><\/li>\n<li lang=\"ca\">Sal de la rotonda en la <b>CTRA Circunvalacion Eivissa<\/b><\/li>\n<li lang=\"ca\">Segueix <b>E-20<\/b><\/li>\n<li lang=\"ca\">Agafar la sortida cap a la <b>Zona Industrial<\/b><\/li>\n<li lang=\"ca\">Seguir el <b>Carrer de Calcalde Bartomeu Rossell\u00f3 sala<\/b><\/li>\n<li lang=\"ca\">A la rotonda, agafeu la <b>segona<\/b> sortida<\/li>\n<li lang=\"ca\">A la rotonda, agafi la <b>primera<\/b> sortida cap a <b>l&#8217;Avinguda de Santa Eul\u00e0ria des Riu<\/b><\/li>\n<li lang=\"ca\"><b>L&#8217;avinguda de Santa Eul\u00e0ria des Riu<\/b> continua cap a l&#8217; <b>esquerra<\/b> fins al <b>Carrer Llu\u00eds Tur m Palau<\/b><\/li>\n<li><font lang=\"ca\">Seguir <b>plataformes de Carrer<\/b>\n<div style=\"font-size:0.9em\" lang=\"ca\">El dest\u00ed \u00e9s a la dreta.<\/li>\n<\/ol>\n<h2 class=\"claro\" lang=\"ca\">Hotels a prop de La Marina Ryans<\/h2>\n<p lang=\"ca\">Si no tenen habitacions disponibles a La Marina Ryans o preferiu m\u00e9s opcions pot trobar allotjament a la zona dels voltants de la llista seg\u00fcent. <\/p>\n<ul class=\"listasinscroll\">\n<li><font lang=\"ca\"><a href=\"https:\/blogs\/apartamentos-mariano\/\" title=\"Apartamentos Mariano Ibiza\" target=\"_top\" rel=\"noopener noreferrer\">Reserves al Apartamentos Mariano<\/a> <font lang=\"ca\">62 metres.<\/li>\n<li><font lang=\"ca\"><a href=\"\/?p=16245\" title=\"Ibiza Old Town Ibiza\" target=\"_top\" rel=\"noopener noreferrer\">Figueretes Ibiza<\/a> <font lang=\"ca\">129 metres.<\/li>\n<li><font lang=\"ca\"><a href=\"https:\/blogs\/apartment-puerto-2\/\" title=\"Apartment Puerto 2 Ibiza\" target=\"_top\" rel=\"noopener noreferrer\">Apartament al port d&#8217;Eivissa 2<\/a> <font lang=\"ca\">148 metres.<\/li>\n<li><font lang=\"ca\"><a href=\"https:\/blogs\/apartamento-virgen-puerto\/\" title=\"Apartamento Virgen Puerto en Ibiza\" target=\"_top\" rel=\"noopener noreferrer\">Reserves de port Apartament verge<\/a> <font lang=\"ca\">159 metres.<\/li>\n<li><font lang=\"ca\"><a href=\"https:\/blogs\/apartamentos-deluxe-puerto\/\" title=\"Apartamentos Deluxe Puerto\" target=\"_top\" rel=\"noopener noreferrer\">Apartaments vistes Deluxe Puerto<\/a> <font lang=\"ca\">173 metres.<\/li>\n<li><font lang=\"ca\"><a href=\"https:\/blogs\/ibiza-forever\/\" title=\"Ibiza Forever\" target=\"_top\" rel=\"noopener noreferrer\">Ibiza per sempre a Eivissa<\/a> <font lang=\"ca\">197 metres.<\/li>\n<li><font lang=\"ca\"><a href=\"https:\/blogs\/ibiza-sea-view\/\" title=\"Ibiza Sea View Ibiza\" target=\"_top\" rel=\"noopener noreferrer\">Vista de mar d&#8217;Eivissa Ibiza<\/a> <font lang=\"ca\">203 metres.<\/li>\n<li><font lang=\"ca\"><a href=\"https:\/blogs\/apartamento-porto\/\" title=\"Apartamento Porto Ibiza\" target=\"_top\" rel=\"noopener noreferrer\">Apartament vista sobre Porto<\/a> <font lang=\"ca\">212 metres.<\/li>\n<li><font lang=\"ca\"><a href=\"https:\/blogs\/casa-romantica-dalt-vila\/\" title=\"Casa Rom\u00e1ntica Dalt Vila\" target=\"_top\" rel=\"noopener noreferrer\">Opinions Casa rom\u00e0ntic Dalt Vila<\/a> <font lang=\"ca\">243 metres.<\/li>\n<li><font lang=\"ca\"><a href=\"https:\/blogs\/dalt-villa-fabulous-apartment\/\" title=\"Dalt Villa - fabulous apartment en Ibiza\" target=\"_top\" rel=\"noopener noreferrer\">Villa de dalt &#8211; fabul\u00f3s apartament Ibiza<\/a> <font lang=\"ca\">249 metres.<\/li>\n<li><font lang=\"ca\"><a href=\"https:\/blogs\/la-ventana\/\" title=\"La Ventana Ibiza\" target=\"_top\" rel=\"noopener noreferrer\">La finestra d&#8217;Eivissa<\/a> <font lang=\"ca\">254 metres.<\/li>\n<li><font lang=\"ca\"><a href=\"https:\/blogs\/apartmento-deluxe-puerto-ii\/\" title=\"Apartmento Deluxe Puerto II\" target=\"_top\" rel=\"noopener noreferrer\">Apartament luxe Puerto II<\/a> <font lang=\"ca\">287 metres.<\/li>\n<li><font lang=\"ca\"><a href=\"https:\/blogs\/apartamento-deluxe-puerto-3\/\" title=\"Apartamento Deluxe Puerto 3 Ibiza\" target=\"_top\" rel=\"noopener noreferrer\">Apartament vista Deluxe 3 portu\u00e0ria<\/a> <font lang=\"ca\">312 metres.<\/li>\n<li><font lang=\"ca\"><a href=\"https:\/blogs\/mirador-de-dalt-vila\/\" title=\"Mirador de Dalt Vila\" target=\"_top\" rel=\"noopener noreferrer\">Mirador de Dalt Vila Ibiza<\/a> <font lang=\"ca\">323 metres.<\/li>\n<li><font lang=\"ca\"><a href=\"https:\/blogs\/rossello-apartment-puerto\/\" title=\"Rossell\u00f3 Apartment Puerto\" target=\"_top\" rel=\"noopener noreferrer\">Usuari Rossell\u00f3 Apartament Puerto<\/a> <font lang=\"ca\">327 metres.<\/li>\n<\/ul>\n<p><\/span><\/p>\n","protected":false},"excerpt":{"rendered":"<p>Sentenciat La Marina est\u00e0 situat a la zona del centre de Ibiza, uns 8.54 quil\u00f2metres de l&#8217;aeroport d&#8217;Eivissa. Per anar a sentenciat La Marina, us suggerim llibre un cotxe a Soloibiza.com. Informaci\u00f3 Hotel Ryans Marina Ryans Marina Aportaci\u00f3: 15:00 Sortida: 12:00 Situat a Terrasses, 5, Eivissa, Illes Balears Espanya 07800 Trobar els millors preus en [&hellip;]<\/p>\n","protected":false},"author":1,"featured_media":15986,"comment_status":"open","ping_status":"open","sticky":false,"template":"","format":"standard","meta":{"_acf_changed":false,"footnotes":""},"categories":[1],"tags":[],"class_list":["post-22945","post","type-post","status-publish","format-standard","has-post-thumbnail","hentry","category-sin-categoria"],"acf":[],"_links":{"self":[{"href":"https:\/\/soloibiza.com\/ca\/wp-json\/wp\/v2\/posts\/22945","targetHints":{"allow":["GET"]}}],"collection":[{"href":"https:\/\/soloibiza.com\/ca\/wp-json\/wp\/v2\/posts"}],"about":[{"href":"https:\/\/soloibiza.com\/ca\/wp-json\/wp\/v2\/types\/post"}],"author":[{"embeddable":true,"href":"https:\/\/soloibiza.com\/ca\/wp-json\/wp\/v2\/users\/1"}],"replies":[{"embeddable":true,"href":"https:\/\/soloibiza.com\/ca\/wp-json\/wp\/v2\/comments?post=22945"}],"version-history":[{"count":0,"href":"https:\/\/soloibiza.com\/ca\/wp-json\/wp\/v2\/posts\/22945\/revisions"}],"wp:featuredmedia":[{"embeddable":true,"href":"https:\/\/soloibiza.com\/ca\/wp-json\/wp\/v2\/media\/15986"}],"wp:attachment":[{"href":"https:\/\/soloibiza.com\/ca\/wp-json\/wp\/v2\/media?parent=22945"}],"wp:term":[{"taxonomy":"category","embeddable":true,"href":"https:\/\/soloibiza.com\/ca\/wp-json\/wp\/v2\/categories?post=22945"},{"taxonomy":"post_tag","embeddable":true,"href":"https:\/\/soloibiza.com\/ca\/wp-json\/wp\/v2\/tags?post=22945"}],"curies":[{"name":"wp","href":"https:\/\/api.w.org\/{rel}","templated":true}]}}