{"id":323,"count":39,"description":"                          <p><img alt=\"Ibiza: Las puertas del cielo\" src=\"http:\/\/soloibiza.com\/wp-content\/uploads\/2016\/11\/ibiza-las-puertas-del-cielo.jpg\" width=\"1280\" height=\"720\"><\/p> <p><font lang=\"ca\">El canvi de l'aeroport d'Eivissa a les principals poblacions tur\u00edstiques durant l'estiu no suposen normalment un problema. <font lang=\"ca\">Tanmateix, la transfer\u00e8ncia d'ells a les millors platges i cales de l'illa \u00e9s un gran inconvenient si no reservem el nostre lloguer de cotxes a Eivissa. <font lang=\"ca\">Si volem gaudir de la nit de Ibiza, el problema de la mobilitat pot multiplicar-se. <font lang=\"ca\">Per evitar aix\u00f2 res millor que trobar un vehicle a la nostra web: <a href=\"http:\/\/alquilercochesibiza.soloibiza.com\/\" target=\"_top\">lloguer de cotxes Ibiza<\/a><\/p> <h2 lang=\"ca\">Avantatges de el Lloguer de cotxes a Eivissa<\/h2> <p><font lang=\"ca\">Per tenir el nostre propi cotxe de lloguer a Eivissa podem gaudir en un m\u00e9s cam\u00ed completar les postes de sol c\u00e0lid de la costa eivissenca. <font lang=\"ca\">Autobusos regulars aviat acabar el seu viatge sense deixar-nos gaudir dels moments m\u00e9s incre\u00efbles de la nit.\r\n <iframe src=\"http:\/\/65.55.108.4\/proxy.ashx?h=undefined&a=http%3Ahttps:\/blogs\/category\/alquiler-de-coches-en-ibiza\/&b=https%3A\/\/www.youtube.com\/embed\/xoOJIgfKGzg\" allowfullscreen=\"allowfullscreen\" width=\"560\" height=\"315\" frameborder=\"0\"><\/iframe><\/p> <h3 lang=\"ca\">Altres lloguers a Espanya<\/h3> <p><font lang=\"ca\">Com vost\u00e8s saben, Soloibiza.com t\u00e9 els millors preus en el lloguer de cotxes a Espanya. <font lang=\"ca\">Vehicle de llibre que recomanem visitar <a href=\"https:\/blogs\/category\/alquiler-coches-espana\/\" target=\"_top\">lloguer cotxes Espanya<\/a>. <font lang=\"ca\">Aqu\u00ed hi trobareu espais exclusius on podeu descobrir una Espanya diferent.<\/p> <p lang=\"ca\">A continuaci\u00f3, li mostrem altres lloguers comen\u00e7ant amb els aeroports m\u00e9s importants de la pen\u00ednsula:<\/p> <p><font lang=\"ca\">Durant la seva visita a Alacant descobrir\u00e0 llocs si t\u00e9 un cotxe de lloguer. <font lang=\"ca\">El <a href=\"https:\/blogs\/category\/alquiler-coches-alicante\/\" target=\"_top\">lloguer de cotxes a Alacant<\/a> , hi trobareu una bona selecci\u00f3.<\/p> <p><font lang=\"ca\">La ciutat ofereix molts llocs d'inter\u00e8s per visitar, per\u00f2 estem parlant d'una molt petita part si ho comparem amb el magn\u00edfic entorn. <font lang=\"ca\">El <a href=\"https:\/blogs\/category\/alquiler-coches-barcelona\/\" target=\"_top\">lloguer de cotxes a Barcelona<\/a> s\u00f3n alguns exemples.<\/p> <p><font lang=\"ca\">Segurament molts dels atractius que fan la cara de la capital sonar, per\u00f2 ha vist que la comunitat pot oferir-li? <font lang=\"ca\">Perqu\u00e8 t\u00e9 un Entrem\u00e8s en <a href=\"https:\/blogs\/category\/alquiler-coches-madrid\/\" target=\"_top\">lloguer cotxes Madrid barats<\/a>.<\/p> <p><font lang=\"ca\">Mogui's avall a la ciutat de M\u00e0laga o tenir cotxe pot significar un ampli ventall de possibilitats cultura, muntanya i platja. <font lang=\"ca\">En la secci\u00f3 de <a href=\"https:\/blogs\/category\/alquiler-coches-malaga\/\" target=\"_top\">llogar un cotxe M\u00e0laga<\/a> hem preparat alguns exemples.<\/p> <p><font lang=\"ca\">Per descobrir M\u00farcia necessitar\u00e0 m\u00e9s que la maleta. <font lang=\"ca\">Aquesta regi\u00f3 incre\u00efble ofereix paisatges indescriptible. <font lang=\"ca\">Millor que vost\u00e8 aconsegueix una idea en <a href=\"https:\/blogs\/category\/alquiler-coches-murcia\/\" target=\"_top\">lloguer de cotxes de M\u00farcia barat<\/a><\/p> <p><font lang=\"ca\">Estem segurs que la vostra visita a Sevilla et sorprendr\u00e0. <font lang=\"ca\">Per\u00f2 si que acaben perdent els racons m\u00e9s atractius d'aquesta terra que no ho perdona. <font lang=\"ca\">Cotxes <a href=\"https:\/blogs\/category\/alquiler-coches-sevilla\/\" target=\"_top\">de lloguer a Sevilla<\/a> hem incl\u00f2s alguns d'ells.<\/p> <p><font lang=\"ca\">A la vora del riu T\u00faria no nom\u00e9s creix la bonica ciutat de Val\u00e8ncia. <font lang=\"ca\">Un m\u00f3n de parla de l'interior, mar i muntanya t'esperen. <font lang=\"ca\">Descobreix m\u00e9s a <a href=\"https:\/blogs\/category\/alquiler-coches-valencia\/\" target=\"_top\">lloguer de cotxes a Val\u00e8ncia<\/a><\/p> <h3 lang=\"ca\">Altres illes a les Illes Balears<\/h3> <p><font lang=\"ca\">Si vost\u00e8 viatja a Formentera, vost\u00e8 no voldr\u00e0 perdre els racons amb m\u00e9s encant de l'illa. <font lang=\"ca\">Hem seleccionat alguns d'ells lloguer de <a href=\"https:\/blogs\/category\/alquiler-coches-formentera\/\" target=\"_top\">cotxes barats a Formentera<\/a> aix\u00ed a que treguis el m\u00e0xim profit del seu vehicle.<\/p> <p><font lang=\"ca\">Que heu seleccionat a Mallorca i decideix quedar-se a l'hotel i el seu entorn. <font lang=\"ca\">Potser est\u00e0 malament. <font lang=\"ca\">Massa dolent. <font lang=\"ca\">Centenars de quil\u00f2metres de litoral que est\u00e0 esperant que trobeu llocs de somni. <font lang=\"ca\">Alguns has de <a href=\"https:\/blogs\/category\/alquiler-coches-mallorca\/\" target=\"_top\">llogar un cotxe a Mallorca<\/a><\/p> <p><font lang=\"ca\">A la menorquina illa ser sense mitj\u00e0 de despla\u00e7ament no \u00e9s una bona opci\u00f3. <font lang=\"ca\">No nom\u00e9s a causa de la incompatibilitat del transport p\u00fablic amb les millors cales. <font lang=\"ca\">Hauria d'utilitzar el temps per veure tot el que us mostrem a <a href=\"https:\/blogs\/category\/alquiler-coches-menorca\/\" target=\"_top\">lloguer de cotxes Menorca barat<\/a><\/p> <h3 lang=\"ca\">Altres lloguers a les Illes Can\u00e0ries<\/h3> <p><font lang=\"ca\">L'illa de Fuerteventura \u00e9s un lloc diferent per tot el que he conegut fins ara. <font lang=\"ca\"><a href=\"https:\/blogs\/category\/alquiler-coches-fuerteventura-2\/\" target=\"_top\">Lloguer de cotxes a Fuerteventura<\/a> que trobareu llocs que no hauries de perdre en les seves vacances.<\/p> <p><font lang=\"ca\">Viatge a Gran Can\u00e0ria descobrir\u00e0 una bonica combinaci\u00f3 de colors i paisatges. <font lang=\"ca\">Lloguer <a href=\"https:\/blogs\/category\/alquiler-coches-gran-canaria\/\" target=\"_top\">cotxes Gran Can\u00e0ria<\/a> Mostra la selecci\u00f3 que hem preparat.<\/p> <p><font lang=\"ca\">Gaudir de Lanzarote al llarg de camins que solquen alguns moros realment espectaculars en el seu cotxe. <font lang=\"ca\">Teniu m\u00e9s informaci\u00f3 sobre <a href=\"https:\/blogs\/category\/alquiler-coches-lanzarote\/\" target=\"_top\">lloguer de cotxes Lanzarote barat<\/a>.<\/p> <p><font lang=\"ca\">Si aquestes disposat a viatjar a Tenerife ha de saber que t\u00e9 dos aeroports. <font lang=\"ca\">Vost\u00e8 dividit aquesta illa en dues perqu\u00e8 vost\u00e8 pot aconseguir millor organitzats: <a href=\"https:\/blogs\/category\/alquiler-coches-tenerife-norte\/\" target=\"_top\">millor lloguer de cotxes Tenerife Nord<\/a> i el <a href=\"https:\/blogs\/category\/alquiler-coches-tenerife-sur\/\" target=\"_top\">millor lloguer de cotxes a Tenerife Sud<\/a><\/p>              <section id=\"featured-posts\">     <div id=\"featured-slider\">         <ul>                     <li>              <a href=\"https:\/blogs\/alquiler-de-coches-en-ibiza-sin-franquicia\/\" title=\"\" target=\"_top\">      <img alt=\"alquiler de coches en ibiza sin franquicia\" src=\"http:\/\/soloibiza.com\/wp-content\/uploads\/2013\/06\/alquiler-de-coches-en-ibiza-sin-franquicia-619x450.jpg\" width=\"619\" height=\"450\">                <\/a>                                                                                                       <h2><a href=\"https:\/blogs\/alquiler-de-coches-en-ibiza-sin-franquicia\/\" title=\"Permalink to Alquiler de coches en Ibiza sin franquicia\" rel=\"bookmark\" target=\"_top\" lang=\"ca\">Lloguer de cotxes a Eivissa sense franqu\u00edcia<\/a><\/h2>                                     <p lang=\"ca\">Llogar un cotxe a Eivissa sense franqu\u00edcia com fer un cotxe de lloguer en... <\/p>                     <a href=\"https:\/blogs\/alquiler-de-coches-en-ibiza-sin-franquicia\/\" title=\"Permalink to Alquiler de coches en Ibiza sin franquicia\" rel=\"bookmark\" target=\"_top\" lang=\"ca\">Llegir m\u00e9s \u2192<\/a>                                              <\/li>                    <\/ul>                                       <h3><\/h3>                                                                       <a href=\"https:\/blogs\/alquiler-coches-ibiza-2013\/\" title=\"Alquiler coches Ibiza 2013\" target=\"_top\"><img alt=\"Alquiler coches Ibiza 2013\" srcset=\"http:\/\/soloibiza.com\/wp-content\/uploads\/2013\/02\/alquiler-coches-ibiza-2013-480x432.jpg 480w, http:\/\/soloibiza.com\/wp-content\/uploads\/2013\/02\/alquiler-coches-ibiza-2013-200x180.jpg 200w\" sizes=\"(max-width: 480px) 100vw, 480px\" src=\"http:\/\/soloibiza.com\/wp-content\/uploads\/2013\/02\/alquiler-coches-ibiza-2013-480x432.jpg\" width=\"480\" height=\"432\"><\/a>                                      <a href=\"https:\/blogs\/alquiler-coches-ibiza-2013\/%23comments\" target=\"_top\" lang=\"ca\">1<\/a>                                                  <\/figure>                                                               <p><font lang=\"ca\">Cotxe de lloguer Eivissa 2013 s'inicia una nova temporada pel lloguer de cotxes a Eivissa. <font lang=\"ca\">Aquest any est\u00e0 ple de novetats, amb nous vehicles... <font lang=\"ca\"><a href=\"https:\/blogs\/alquiler-coches-ibiza-2013\/\" target=\"_top\">Llegir m\u00e9s \u2192<\/a><\/p>                                                                            <a href=\"https:\/blogs\/category\/alquiler-de-coches-en-ibiza\/page\/2\/\" target=\"_top\" lang=\"ca\">2<\/a><a href=\"https:\/blogs\/category\/alquiler-de-coches-en-ibiza\/page\/3\/\" target=\"_top\" lang=\"ca\">3<\/a><a href=\"https:\/blogs\/category\/alquiler-de-coches-en-ibiza\/page\/4\/\" target=\"_top\" lang=\"ca\">4<\/a><a rel=\"next\" href=\"https:\/blogs\/category\/alquiler-de-coches-en-ibiza\/page\/2\/\" target=\"_top\">\u00bb<\/a>                                     ","link":"https:\/\/soloibiza.com\/ca\/category\/lloguer-de-cotxes-a-eivissa\/","name":"Lloguer de cotxes a Eivissa","slug":"lloguer-de-cotxes-a-eivissa","taxonomy":"category","parent":0,"meta":[],"acf":[],"_links":{"self":[{"href":"https:\/\/soloibiza.com\/ca\/wp-json\/wp\/v2\/categories\/323","targetHints":{"allow":["GET"]}}],"collection":[{"href":"https:\/\/soloibiza.com\/ca\/wp-json\/wp\/v2\/categories"}],"about":[{"href":"https:\/\/soloibiza.com\/ca\/wp-json\/wp\/v2\/taxonomies\/category"}],"wp:post_type":[{"href":"https:\/\/soloibiza.com\/ca\/wp-json\/wp\/v2\/posts?categories=323"}],"curies":[{"name":"wp","href":"https:\/\/api.w.org\/{rel}","templated":true}]}}